{"id":368871,"date":"2025-09-05T19:17:17","date_gmt":"2025-09-05T19:17:17","guid":{"rendered":"https:\/\/www.europesays.com\/fr\/368871\/"},"modified":"2025-09-05T19:17:17","modified_gmt":"2025-09-05T19:17:17","slug":"mobilisation-du-10-septembre-greve-blocages-rassemblements-a-quoi-sattendre-en-france-sud-ouest","status":"publish","type":"post","link":"https:\/\/www.europesays.com\/fr\/368871\/","title":{"rendered":"Mobilisation du 10 septembre : gr\u00e8ve, blocages, rassemblements\u2026 \u00e0 quoi s\u2019attendre en France ? &#8211; Sud Ouest"},"content":{"rendered":"<ol>\n<li><a href=\"https:\/\/news.google.com\/rss\/articles\/CBMi1gFBVV95cUxOaHhXY1hhWFN2d2lPYTljSUxuMjlTTVNOS3ZFbzBuc1pxS3BDSjRSRHdyWXVCY0VEU3JiZ3M0M3NVOXBhTDA0cXQ4MURvdjc5a0pNNVBRVk4yWEZkMGNZUmRvalNhMzY5Xy1ETzNzdlpxTkROajRpQWN6OWMydDYzNm11a1otSWdBMkdfaWpicVVNOTlkWlcxa1lfRlBENVBzVy1uUXU5bHg2RW5MQnhBZEs2eVpsU3BpZ0VkZXJuSHROZG8yS0lOX3JCc3F3SVo2d05aRGpB?oc=5\" target=\"_blank\" rel=\"nofollow noopener\">Mobilisation du 10 septembre : gr\u00e8ve, blocages, rassemblements\u2026 \u00e0 quoi s\u2019attendre en France ?<\/a>&nbsp;&nbsp;Sud Ouest<\/li>\n<li><a href=\"https:\/\/news.google.com\/rss\/articles\/CBMi2wFBVV95cUxPLVNHWlM4ZWM0aVhvSVJWTjZiNDZWdTBsZ0NFbXJSbUVVbDFEOGlhemd2REhiaDRrQ0VCbll3V0owYlpSYVl1TF8tS1dVWVVpUVRZUkRodjM4bEh0TXNBSHV3SHlSem1uVzA3Mm9GR29UX1dJZmlxdEtUa2hnbHJibjE0OWRLYWg0bnk3X1duS2JuY3pxZFUyZmNETV9lX3FyQnhvcEN4RnFDY1BIcGE0Xy1xUGNIa2JSVWVxcDZtejZPbVIxSTdMd2o3Q1hvd2I5LWVOdjFoZTJXanM?oc=5\" target=\"_blank\" rel=\"nofollow noopener\">\u00ab Bloquons tout \u00bb : \u00e0 quoi s\u2019attendre le 10 septembre en Vend\u00e9e ?<\/a>&nbsp;&nbsp;Ouest-France<\/li>\n<li><a href=\"https:\/\/news.google.com\/rss\/articles\/CBMimAJBVV95cUxNeGlNeG1zMHBITmFLZmRkQUxLMzVQakF3YVczQU1PdG9sTHFEZzRyOGR0VFdOWUtqTkZ4Xy1UNlM4UFhmRWh4YU9laVAxNUFkanhYVWZUR0NuWUR2M2JKRDJaUUZ2eDdtdl80UW16WXB0NUY5d041UXV4YzBKczZYM0hYZmk1UTBxOHNnMkowTjBzVGVBck9RNlltTUl2SktwREtldWVSY2NhX3JHc0tfQ0FXZ1hmYWVjS0pITThuWGxoWmROQmtQR2E4cHdlcWtXLVVZbkVXN2lCdjc2LXlnRU1UZjVhMUtLUzNOcWpORU9wQXdxcXdOdUdRcTNvcHVpVEVhcVJidm5yVnF6RjF5TjBISWdTOWJk?oc=5\" target=\"_blank\" rel=\"nofollow noopener\">Mouvement du 10 septembre : Bruno Retailleau appelle les pr\u00e9fets \u00e0 emp\u00eacher tout blocage d\u2019\u00ab infrastructures essentielles \u00bb<\/a>&nbsp;&nbsp;Le Monde.fr<\/li>\n<li><a href=\"https:\/\/news.google.com\/rss\/articles\/CBMi5wFBVV95cUxNZWJGRFlGSUVfZHR3NGlOWjRDYTRZTFdCLU52OHBRVGI4OUU0YnNZbkhnbHFEdDJEY2s5a2kwT1RRblprS3luRHpsb1Nza3ozVWpwRlVZNXJMTG04R3EtSEUzQnd6bHpkTHlsZEFlZTlpS2Vfb0pnYnlOUzdHZFdUQ2sxYVZpcy1ZQnphSU0xQzM4ak5pWEh5NjhGWTE2bVhZQWRUdllWSDJJV3ZiQVp0ZE5lRUFXQTUxM2lHd1pTQURWU2w2ckptVjhSZWlKZHcxMEQ1MGQwNmRkMnZ5UVhmTUxPa0ZjZXc?oc=5\" target=\"_blank\" rel=\"nofollow noopener\">\u00ab On sait qui va manger en premier lieu \u00bb : dans les quartiers populaires, une mobilisation encore timide \u00e0 l\u2019aube du 10 septembre<\/a>&nbsp;&nbsp;Mediapart<\/li>\n<\/ol>\n","protected":false},"excerpt":{"rendered":"Mobilisation du 10 septembre : gr\u00e8ve, blocages, rassemblements\u2026 \u00e0 quoi s\u2019attendre en France ?&nbsp;&nbsp;Sud Ouest \u00ab Bloquons tout&hellip;\n","protected":false},"author":2,"featured_media":368872,"comment_status":"","ping_status":"","sticky":false,"template":"","format":"standard","meta":{"footnotes":""},"categories":[2821],"tags":[1111,11,829,1777,674,1011,27,12,584,25],"class_list":{"0":"post-368871","1":"post","2":"type-post","3":"status-publish","4":"format-standard","5":"has-post-thumbnail","7":"category-rennes","8":"tag-actu","9":"tag-actualites","10":"tag-bretagne","11":"tag-eu","12":"tag-europe","13":"tag-fr","14":"tag-france","15":"tag-news","16":"tag-rennes","17":"tag-republique-francaise"},"share_on_mastodon":{"url":"https:\/\/pubeurope.com\/@fr\/115153301867048329","error":""},"_links":{"self":[{"href":"https:\/\/www.europesays.com\/fr\/wp-json\/wp\/v2\/posts\/368871","targetHints":{"allow":["GET"]}}],"collection":[{"href":"https:\/\/www.europesays.com\/fr\/wp-json\/wp\/v2\/posts"}],"about":[{"href":"https:\/\/www.europesays.com\/fr\/wp-json\/wp\/v2\/types\/post"}],"author":[{"embeddable":true,"href":"https:\/\/www.europesays.com\/fr\/wp-json\/wp\/v2\/users\/2"}],"replies":[{"embeddable":true,"href":"https:\/\/www.europesays.com\/fr\/wp-json\/wp\/v2\/comments?post=368871"}],"version-history":[{"count":0,"href":"https:\/\/www.europesays.com\/fr\/wp-json\/wp\/v2\/posts\/368871\/revisions"}],"wp:featuredmedia":[{"embeddable":true,"href":"https:\/\/www.europesays.com\/fr\/wp-json\/wp\/v2\/media\/368872"}],"wp:attachment":[{"href":"https:\/\/www.europesays.com\/fr\/wp-json\/wp\/v2\/media?parent=368871"}],"wp:term":[{"taxonomy":"category","embeddable":true,"href":"https:\/\/www.europesays.com\/fr\/wp-json\/wp\/v2\/categories?post=368871"},{"taxonomy":"post_tag","embeddable":true,"href":"https:\/\/www.europesays.com\/fr\/wp-json\/wp\/v2\/tags?post=368871"}],"curies":[{"name":"wp","href":"https:\/\/api.w.org\/{rel}","templated":true}]}}