{"id":368873,"date":"2025-09-05T19:18:10","date_gmt":"2025-09-05T19:18:10","guid":{"rendered":"https:\/\/www.europesays.com\/fr\/368873\/"},"modified":"2025-09-05T19:18:10","modified_gmt":"2025-09-05T19:18:10","slug":"paris-fc-rennes-en-ouverture-om-brest-le-samedi-la-programmation-de-la-12e-journee-de-ligue-1","status":"publish","type":"post","link":"https:\/\/www.europesays.com\/fr\/368873\/","title":{"rendered":"Paris FC &#8211; Rennes en ouverture, OM &#8211; Brest le samedi\u2026 La programmation de la 12e journ\u00e9e de Ligue\u00a01"},"content":{"rendered":"<p>Les clubs bretons \u00e0 l\u2019honneur \u00e0 l\u2019occasion de la 12e journ\u00e9e de Ligue 1. <a href=\"https:\/\/www.letelegramme.fr\/sports\/football\/stade-rennais\/\" target=\"_blank\" rel=\"nofollow noopener\">Le Stade Rennais<\/a>, en d\u00e9placement sur la pelouse du Paris FC, ouvrira le bal, le vendredi 7 novembre, \u00e0 20h45. Le match suivant concernera le d\u00e9placement de Brest \u00e0 Marseille, le samedi, \u00e0 17h. Enfin, Lorient sera \u00e0 l\u2019honneur du premier match du dimanche, \u00e0 15h.<\/p>\n<p><strong class=\"tech\">La programmation de la 12e journ\u00e9e de Ligue 1<\/strong><\/p>\n<p><strong class=\"tech\">Vendredi 7 novembre 2025 \u00e0 20h45 sur Ligue 1 +<\/strong><\/p>\n<p class=\"tech\">Paris FC \u2013 Stade Rennais FC<\/p>\n<p><strong class=\"tech\">Samedi 8 novembre \u00e0 17h sur beIN Sports 1<\/strong><\/p>\n<p class=\"tech\">Olympique de Marseille \u2013 Stade Brestois 29<\/p>\n<p><strong class=\"tech\">Samedi 8 novembre \u00e0 19h sur Ligue 1 +<\/strong><\/p>\n<p class=\"tech\">Havre AC \u2013 FC Nantes<\/p>\n<p><strong class=\"tech\">Samedi 8 novembre \u00e0 21h05 sur Ligue 1 +<\/strong><\/p>\n<p class=\"tech\">AS Monaco \u2013 RC Lens<\/p>\n<p><strong class=\"tech\">Dimanche 9 novembre \u00e0 15h sur Ligue 1 +<\/strong><\/p>\n<p class=\"tech\">FC Lorient \u2013 Toulouse FC<\/p>\n<p><strong class=\"tech\">Dimanche 9 novembre \u00e0 17h15 sur Ligue 1 +<\/strong><\/p>\n<p class=\"tech\">RC Strasbourg Alsace \u2013 LOSC Lille<\/p>\n<p class=\"tech\">FC Metz \u2013 OGC Nice<\/p>\n<p class=\"tech\">Angers SCO \u2013 AJ Auxerre<\/p>\n<p><strong class=\"tech\">Dimanche 9 novembre \u00e0 20h45 sur Ligue 1 +<\/strong><\/p>\n<p class=\"tech\">Olympique Lyonnais \u2013 Paris Saint-Germain<\/p>\n","protected":false},"excerpt":{"rendered":"Les clubs bretons \u00e0 l\u2019honneur \u00e0 l\u2019occasion de la 12e journ\u00e9e de Ligue 1. Le Stade Rennais, en&hellip;\n","protected":false},"author":2,"featured_media":368874,"comment_status":"","ping_status":"","sticky":false,"template":"","format":"standard","meta":{"footnotes":""},"categories":[2821],"tags":[1111,11,829,3166,1777,674,3317,63,1011,27,66,12,584,25,60,4449,3087],"class_list":{"0":"post-368873","1":"post","2":"type-post","3":"status-publish","4":"format-standard","5":"has-post-thumbnail","7":"category-rennes","8":"tag-actu","9":"tag-actualites","10":"tag-bretagne","11":"tag-en-continu-sports","12":"tag-eu","13":"tag-europe","14":"tag-fc-lorient","15":"tag-football","16":"tag-fr","17":"tag-france","18":"tag-ligue-1","19":"tag-news","20":"tag-rennes","21":"tag-republique-francaise","22":"tag-sports","23":"tag-stade-brestois","24":"tag-stade-rennais"},"share_on_mastodon":{"url":"https:\/\/pubeurope.com\/@fr\/115153305857479120","error":""},"_links":{"self":[{"href":"https:\/\/www.europesays.com\/fr\/wp-json\/wp\/v2\/posts\/368873","targetHints":{"allow":["GET"]}}],"collection":[{"href":"https:\/\/www.europesays.com\/fr\/wp-json\/wp\/v2\/posts"}],"about":[{"href":"https:\/\/www.europesays.com\/fr\/wp-json\/wp\/v2\/types\/post"}],"author":[{"embeddable":true,"href":"https:\/\/www.europesays.com\/fr\/wp-json\/wp\/v2\/users\/2"}],"replies":[{"embeddable":true,"href":"https:\/\/www.europesays.com\/fr\/wp-json\/wp\/v2\/comments?post=368873"}],"version-history":[{"count":0,"href":"https:\/\/www.europesays.com\/fr\/wp-json\/wp\/v2\/posts\/368873\/revisions"}],"wp:featuredmedia":[{"embeddable":true,"href":"https:\/\/www.europesays.com\/fr\/wp-json\/wp\/v2\/media\/368874"}],"wp:attachment":[{"href":"https:\/\/www.europesays.com\/fr\/wp-json\/wp\/v2\/media?parent=368873"}],"wp:term":[{"taxonomy":"category","embeddable":true,"href":"https:\/\/www.europesays.com\/fr\/wp-json\/wp\/v2\/categories?post=368873"},{"taxonomy":"post_tag","embeddable":true,"href":"https:\/\/www.europesays.com\/fr\/wp-json\/wp\/v2\/tags?post=368873"}],"curies":[{"name":"wp","href":"https:\/\/api.w.org\/{rel}","templated":true}]}}