{"id":368875,"date":"2025-09-05T19:19:11","date_gmt":"2025-09-05T19:19:11","guid":{"rendered":"https:\/\/www.europesays.com\/fr\/368875\/"},"modified":"2025-09-05T19:19:11","modified_gmt":"2025-09-05T19:19:11","slug":"vosges-la-chorale-gospel-rhymes-fera-resonner-la-beaute-du-chant-le-14-septembre-en-leglise-dallarmont","status":"publish","type":"post","link":"https:\/\/www.europesays.com\/fr\/368875\/","title":{"rendered":"Vosges. La chorale Gospel Rhymes fera r\u00e9sonner la beaut\u00e9 du chant le 14\u00a0septembre en l\u2019\u00e9glise d\u2019Allarmont"},"content":{"rendered":"<p>Autour de Fran\u00e7oise Koehl, pr\u00e9sidente de l\u2019association de sauvegarde des clochers de la vall\u00e9e de la Plaine, les membres seront heureux d\u2019accueillir de nombreuses personnes pour \u00e9couter la chorale Gospel Rhymes, venue de Strasbourg, le dimanche 14\u00a0septembre \u00e0 16\u00a0h, en l\u2019\u00e9glise d\u2019Allarmont.<\/p>\n<p>Cette chorale mixte, \u00e9tablie \u00e0 Strasbourg, est vectrice de joie et d\u2019espoir. Elle interpr\u00e9tera des chants Gospel, des chants populaires afro-am\u00e9ricains et traditionnels africains. Ce sera un moment de partage pour faire r\u00e9sonner les chants.<\/p>\n<p class=\"note\">Entr\u00e9e libre. Plateau pr\u00e9sent\u00e9.<\/p>\n","protected":false},"excerpt":{"rendered":"Autour de Fran\u00e7oise Koehl, pr\u00e9sidente de l\u2019association de sauvegarde des clochers de la vall\u00e9e de la Plaine, les&hellip;\n","protected":false},"author":2,"featured_media":368876,"comment_status":"","ping_status":"","sticky":false,"template":"","format":"standard","meta":{"footnotes":""},"categories":[2820],"tags":[1111,11,50328,43219,1687,1799,1777,674,1011,27,775,873,12,25,640],"class_list":{"0":"post-368875","1":"post","2":"type-post","3":"status-publish","4":"format-standard","5":"has-post-thumbnail","7":"category-strasbourg","8":"tag-actu","9":"tag-actualites","10":"tag-allarmont","11":"tag-ca-de-saint-die-des-vosges-88b2","12":"tag-culture-loisirs","13":"tag-edition-saint-die","14":"tag-eu","15":"tag-europe","16":"tag-fr","17":"tag-france","18":"tag-grand-est","19":"tag-musique","20":"tag-news","21":"tag-republique-francaise","22":"tag-strasbourg"},"share_on_mastodon":{"url":"https:\/\/pubeurope.com\/@fr\/115153309808435022","error":""},"_links":{"self":[{"href":"https:\/\/www.europesays.com\/fr\/wp-json\/wp\/v2\/posts\/368875","targetHints":{"allow":["GET"]}}],"collection":[{"href":"https:\/\/www.europesays.com\/fr\/wp-json\/wp\/v2\/posts"}],"about":[{"href":"https:\/\/www.europesays.com\/fr\/wp-json\/wp\/v2\/types\/post"}],"author":[{"embeddable":true,"href":"https:\/\/www.europesays.com\/fr\/wp-json\/wp\/v2\/users\/2"}],"replies":[{"embeddable":true,"href":"https:\/\/www.europesays.com\/fr\/wp-json\/wp\/v2\/comments?post=368875"}],"version-history":[{"count":0,"href":"https:\/\/www.europesays.com\/fr\/wp-json\/wp\/v2\/posts\/368875\/revisions"}],"wp:featuredmedia":[{"embeddable":true,"href":"https:\/\/www.europesays.com\/fr\/wp-json\/wp\/v2\/media\/368876"}],"wp:attachment":[{"href":"https:\/\/www.europesays.com\/fr\/wp-json\/wp\/v2\/media?parent=368875"}],"wp:term":[{"taxonomy":"category","embeddable":true,"href":"https:\/\/www.europesays.com\/fr\/wp-json\/wp\/v2\/categories?post=368875"},{"taxonomy":"post_tag","embeddable":true,"href":"https:\/\/www.europesays.com\/fr\/wp-json\/wp\/v2\/tags?post=368875"}],"curies":[{"name":"wp","href":"https:\/\/api.w.org\/{rel}","templated":true}]}}