{"id":368879,"date":"2025-09-05T19:21:29","date_gmt":"2025-09-05T19:21:29","guid":{"rendered":"https:\/\/www.europesays.com\/fr\/368879\/"},"modified":"2025-09-05T19:21:29","modified_gmt":"2025-09-05T19:21:29","slug":"acceder-aux-financements-europeens-mode-demploi","status":"publish","type":"post","link":"https:\/\/www.europesays.com\/fr\/368879\/","title":{"rendered":"Acc\u00e9der aux financements europ\u00e9ens, mode d&#8217;emploi"},"content":{"rendered":"<p>\t\t\t\t\t\t\t\tLors de la manifestation organis\u00e9e par l&rsquo;UPE 06 et la Maison de l&rsquo;Europe, ce 4 septembre, les experts du cabinet ABF ont d\u00e9taill\u00e9 les m\u00e9canismes de financements europ\u00e9ens et pr\u00e9sent\u00e9 trois programmes phares : Innovation Fund, Horizon Europe et CEF Transport.\t\t\t\t\t\t\t<\/p>\n<p data-end=\"937\" melodystyle=\"texte\" style=\"text-align: justify;\">&#13;<br \/>\nPour les entreprises azur\u00e9ennes, l&rsquo;Europe repr\u00e9sente un vaste champ d&rsquo;opportunit\u00e9s financi\u00e8res, encore trop peu exploit\u00e9. Marion Dennielou et Thomas Durrieu, experts du cabinet ABF, ont livr\u00e9 un d\u00e9cryptage des m\u00e9canismes europ\u00e9ens.\u00a0\u00bb Une aide publique finance toujours un projet. Les financements europ\u00e9ens se concentrent sur trois grandes priorit\u00e9s : transition \u00e9cologique, recherche et innovation, d\u00e9veloppement productif et international \u00ab\u00a0, a rappel\u00e9 Thomas Durrieu. La taille de l&rsquo;entreprise, sa situation financi\u00e8re, son implantation g\u00e9ographique ou encore l&rsquo;impact du projet sur l&rsquo;\u00e9conomie et l&rsquo;environnement d\u00e9terminent son \u00e9ligibilit\u00e9.<\/p>\n<p data-end=\"937\" melodystyle=\"texte\" style=\"text-align: justify;\">L&rsquo;Europe a consacr\u00e9 1.835 milliards d&rsquo;euros sur la p\u00e9riode 2021-2027. \u00c0 cela s&rsquo;ajoutent des enveloppes sectorielles \u2013sant\u00e9, agro-industrie, \u00e9nergie, num\u00e9rique, culture, d\u00e9fense\u2013 et les cr\u00e9dits g\u00e9r\u00e9s par les R\u00e9gions. La logique des programmes reste celle de l&rsquo;appel \u00e0 projets. Les dossiers, souvent en anglais, doivent s&rsquo;inscrire dans un work programme d\u00e9fini \u00e0 l&rsquo;avance par la Commission. Les taux de subvention oscillent entre 50 et 100%, mais la s\u00e9lection est s\u00e9v\u00e8re : en moyenne, 20% de r\u00e9ussite, parfois moins de 5%&#8230;<\/p>\n<p data-end=\"937\" melodystyle=\"texte\" style=\"text-align: justify;\">\u00a0<\/p>\n<p>\u00a0<\/p>\n<p>Trois guichets phares\u00a0pass\u00e9s au crible<\/p>\n<p melodystyle=\"intertitre\" style=\"text-align: justify;\">Parmi les outils d&rsquo;actualit\u00e9, l&rsquo;Innovation Fund finance massivement les technologies de d\u00e9carbonation: stockage d&rsquo;\u00e9nergie, hydrog\u00e8ne, proc\u00e9d\u00e9s industriels moins \u00e9metteurs. Projets de 2,5 millions \u00e0 plusieurs milliards d&rsquo;euros sont \u00e9ligibles, avec un taux de subvention pouvant atteindre 60%. Mais les exigences sont \u00e9lev\u00e9es : pas d&rsquo;acompte et un financement d\u00e9clench\u00e9 seulement quand les r\u00e9sultats sont mesurables.<\/p>\n<p melodystyle=\"intertitre\" style=\"text-align: justify;\">Une tr\u00e9sorerie solide est donc indispensable. Horizon Europe, fort de 95 milliards d&rsquo;euros, reste la r\u00e9f\u00e9rence pour la R&amp;D. Le programme repose sur des consortiums d&rsquo;au moins trois partenaires issus de trois pays diff\u00e9rents. Sant\u00e9, climat, mobilit\u00e9, num\u00e9rique, les th\u00e9matiques couvrent les grands d\u00e9fis europ\u00e9ens.<\/p>\n<p><img decoding=\"async\" alt=\"\" src=\"https:\/\/www.europesays.com\/fr\/wp-content\/uploads\/2025\/09\/20250905121251-img-9404--1-.jpg\" style=\"height: 140px; width: 100px; margin: 5px 10px; float: left;\"\/><br \/>&#13;<br \/>\n\u00a0\u00bb Horizon Europe, c&rsquo;est la valeur s\u00fbre. Bien rod\u00e9, il offre des taux de financement tr\u00e8s \u00e9lev\u00e9s, entre 70 et 100% \u00a0\u00bb<\/p>\n<p>&#13;<br \/>\n&#8211; Marion Dennielou<\/p>\n<p melodystyle=\"intertitre\" style=\"text-align: justify;\">\u00a0<\/p>\n<p melodystyle=\"intertitre\" style=\"text-align: justify;\">\u00a0<\/p>\n<p melodystyle=\"intertitre\" style=\"text-align: justify;\">\u00a0<\/p>\n<p melodystyle=\"intertitre\" style=\"text-align: justify;\">\u00a0<\/p>\n<p melodystyle=\"intertitre\" style=\"text-align: justify;\">Son point faible ? Une s\u00e9lection drastique, autour de 15% selon les volets, et une complexit\u00e9 de coordination.\u00a0Le troisi\u00e8me dispositif pr\u00e9sent\u00e9, le CEF Transport, cible les infrastructures de mobilit\u00e9 pan-europ\u00e9ennes : modernisation des ports, plateformes multimodales, corridors ferroviaires, transport fluvial ou a\u00e9rien. Dot\u00e9 de 25,8 milliards d&rsquo;euros, il finance de 30 \u00e0 70% des projets. \u00a0\u00bb C&rsquo;est le programme phare pour les gros investissements structurants dans le transport, l&rsquo;\u00e9nergie et les t\u00e9l\u00e9coms \u00ab\u00a0, indique l&rsquo;expert d&rsquo;ABF. Son principal revers ? Sa dimension politique.\u00a0<\/p>\n<p melodystyle=\"intertitre\" style=\"text-align: justify;\">\u00a0<\/p>\n","protected":false},"excerpt":{"rendered":"Lors de la manifestation organis\u00e9e par l&rsquo;UPE 06 et la Maison de l&rsquo;Europe, ce 4 septembre, les experts&hellip;\n","protected":false},"author":2,"featured_media":368880,"comment_status":"","ping_status":"","sticky":false,"template":"","format":"standard","meta":{"footnotes":""},"categories":[2819],"tags":[1111,11,1777,674,1011,27,12,2401,882,25],"class_list":{"0":"post-368879","1":"post","2":"type-post","3":"status-publish","4":"format-standard","5":"has-post-thumbnail","7":"category-nice","8":"tag-actu","9":"tag-actualites","10":"tag-eu","11":"tag-europe","12":"tag-fr","13":"tag-france","14":"tag-news","15":"tag-nice","16":"tag-provence-alpes-cote-dazur","17":"tag-republique-francaise"},"share_on_mastodon":{"url":"https:\/\/pubeurope.com\/@fr\/115153317903347445","error":""},"_links":{"self":[{"href":"https:\/\/www.europesays.com\/fr\/wp-json\/wp\/v2\/posts\/368879","targetHints":{"allow":["GET"]}}],"collection":[{"href":"https:\/\/www.europesays.com\/fr\/wp-json\/wp\/v2\/posts"}],"about":[{"href":"https:\/\/www.europesays.com\/fr\/wp-json\/wp\/v2\/types\/post"}],"author":[{"embeddable":true,"href":"https:\/\/www.europesays.com\/fr\/wp-json\/wp\/v2\/users\/2"}],"replies":[{"embeddable":true,"href":"https:\/\/www.europesays.com\/fr\/wp-json\/wp\/v2\/comments?post=368879"}],"version-history":[{"count":0,"href":"https:\/\/www.europesays.com\/fr\/wp-json\/wp\/v2\/posts\/368879\/revisions"}],"wp:featuredmedia":[{"embeddable":true,"href":"https:\/\/www.europesays.com\/fr\/wp-json\/wp\/v2\/media\/368880"}],"wp:attachment":[{"href":"https:\/\/www.europesays.com\/fr\/wp-json\/wp\/v2\/media?parent=368879"}],"wp:term":[{"taxonomy":"category","embeddable":true,"href":"https:\/\/www.europesays.com\/fr\/wp-json\/wp\/v2\/categories?post=368879"},{"taxonomy":"post_tag","embeddable":true,"href":"https:\/\/www.europesays.com\/fr\/wp-json\/wp\/v2\/tags?post=368879"}],"curies":[{"name":"wp","href":"https:\/\/api.w.org\/{rel}","templated":true}]}}