{"id":36888,"date":"2025-04-19T16:19:24","date_gmt":"2025-04-19T16:19:24","guid":{"rendered":"https:\/\/www.europesays.com\/fr\/36888\/"},"modified":"2025-04-19T16:19:24","modified_gmt":"2025-04-19T16:19:24","slug":"cyclisme-fleche-wallonne-parcours-favorites-la-liste-des-engagees-de-la-28e-edition","status":"publish","type":"post","link":"https:\/\/www.europesays.com\/fr\/36888\/","title":{"rendered":"Cyclisme. Fl\u00e8che Wallonne &#8211; Parcours, favorites&#8230; la liste des engag\u00e9es de la 28e \u00e9dition"},"content":{"rendered":"<p> Lire la suite de l&rsquo;article&#13;<\/p>\n<p>\u00a0<\/p>\n<p>&#13;<br \/>\nToutes les meilleures grimpeuses au d\u00e9part&#13;<\/p>\n<p>Sortie de sa retraite cette ann\u00e9e, la N\u00e9erlandaise de 25 ans avait fait du Mur une forteresse imprenable entre 2015 et 2021, avec sept succ\u00e8s de rang qui en font la seule recordwoman, hommes et femmes confondus.\u00a0Preuve de la forte densit\u00e9 de grimpeuse au d\u00e9part mercredi prochain,\u00a0les\u00a0six premi\u00e8res du\u00a0<strong>Tour de France Femmes avec Zwift 2024<\/strong>\u00a0ont r\u00e9pondu pr\u00e9sent.\u00a0Si <strong>Demi Vollering<\/strong>\u00a0s&rsquo;avance avec une v\u00e9ritable armada \u00e0 ses c\u00f4t\u00e9s chez <strong>FDJ-SUEZ<\/strong> &#8211; avec <strong>Elise Chabbey<\/strong> (9e\u00a0en 2023), <strong>Evita Muzic<\/strong> (4e\u00a0l&rsquo;an pass\u00e9 et 5e\u00a0en 2023) et <strong>Juliette Labous<\/strong> (6e\u00a0en 2021) &#8211;\u00a0<strong>Anna van der Breggen\u00a0<\/strong>sera elle \u00e9paul\u00e9e de <strong>Lotte Kopecky<\/strong> chez\u00a0<strong>SD Worx-Protime<\/strong>.<\/p>\n<p>&#13;<\/p>\n<p>14e l&rsquo;an pass\u00e9 pour sa premi\u00e8re apparition sur l&rsquo;\u00e9preuve, la double championne du monde pourrait se montrer redoutable sur le Mur cette ann\u00e9e. Parmi les autres outsiders, on peut citer les noms d&rsquo;<strong>Elisa Longo Borghini<\/strong> (UAE Team ADQ),\u00a0<strong>Pauliena Rooijakkers<\/strong> (Fenix-Deceuninck),\u00a0<strong>Ashleigh Moolman<\/strong> (AG Insurance-Soudal Team),\u00a0<strong>Gaia Realini<\/strong> (Lidl-Trek, 3e\u00a0en 2023), <strong>Liane Lippert<\/strong> (Movistar, 2e\u00a0en 2023) ou encore\u00a0<strong>C\u00e9drine Kerbaol<\/strong> (EF Education-Oatly).<\/p>\n<p>&#13;<\/p>\n<p>\u00a0<\/p>\n<p>&#13;<br \/>\nLe parcours&#13;<\/p>\n<p>Mercredi 23 avril &#8211; Huy &#8211; Huy \/ 140,7 km (d\u00e9part \u00e0 14h10, arriv\u00e9e vers 18h00)<\/p>\n<p>&#13;<\/p>\n<p><img decoding=\"async\" src=\"https:\/\/www.europesays.com\/fr\/wp-content\/uploads\/2025\/04\/Fl\u00e8cheWallone2025F.jpg\" style=\"max-width:100%;max-height:100%;\" alt=\"image\" loading=\"lazy\"\/><\/p>\n<p>&#13;<\/p>\n<p>\u00a0<\/p>\n<p>&#13;<\/p>\n<p>\u00a0<\/p>\n<p>&#13;<br \/>\nLa liste des principales engag\u00e9es&#13;<br \/>\n&#13;<\/p>\n<p>Allemagne<\/p>\n<p>&#13;<\/p>\n<p><strong>Canyon\/\/SRAM zondacrypto<\/strong> : Kasia Niewiadoma (Pol), Neve Bradbury (Aus), Antonia Niedermaier (Ger), Cecilie Uttrup Ludwig (Den)<\/p>\n<p>&#13;<\/p>\n<p><strong>Ceratizit Pro Cycling Team<\/strong> : Dilyxine Miermont (Fra), Sandra Alonso (Esp)<\/p>\n<p>&#13;<\/p>\n<p>\u00a0<\/p>\n<p>&#13;<\/p>\n<p>Australie<\/p>\n<p>&#13;<\/p>\n<p><strong>Liv-AlUla-Jayco<\/strong> : Silke Smulders (Ned), Monica Trinca Colonel (Ita)<\/p>\n<p>&#13;<\/p>\n<p>\u00a0<\/p>\n<p>&#13;<\/p>\n<p>Belgique<\/p>\n<p>&#13;<\/p>\n<p><strong>AG Insurance &#8211; Soudal Team<\/strong> : Ashleigh Moolman (Rsa), Kim Le Court de Billot (Mri)<\/p>\n<p>&#13;<\/p>\n<p><strong>DD Group Pro Cycling Team<\/strong> : Chloe Desmet (Bel)<\/p>\n<p>&#13;<\/p>\n<p><strong>Fenix-Deceuninck<\/strong> : Puck Pieterse (Ned), Pauliena Rooijakkers (Ned), Yara Kastelijn (Ned)<\/p>\n<p>&#13;<\/p>\n<p><strong>Lotto Ladies<\/strong> : Maureen Arens (Ned)<\/p>\n<p>&#13;<\/p>\n<p>\u00a0<\/p>\n<p>&#13;<\/p>\n<p>\u00c9mirats arabes unis<\/p>\n<p>&#13;<\/p>\n<p><strong>UAE Team ADQ<\/strong> : Elisa Longo Borghini, Erica Magnaldi (Ita), Dominika Wlodarczyk (Pol), Maeva Squiban (Fra)<\/p>\n<p>&#13;<\/p>\n<p>\u00a0<\/p>\n<p>&#13;<\/p>\n<p>Espagne<\/p>\n<p>&#13;<\/p>\n<p><strong>Laboral Kutxa-Fundaci\u00f3n Euskadi<\/strong> : Ane Santesteban, Usoa Ostoloza (Esp)<\/p>\n<p>&#13;<\/p>\n<p><strong>Movistar Team<\/strong> : Liane Luppert (Ger), Cat Ferguson (Gbr), Marlen Reusser (Sui)<\/p>\n<p>&#13;<\/p>\n<p>\u00a0<\/p>\n<p>&#13;<\/p>\n<p>\u00c9tats-Unis<\/p>\n<p>&#13;<\/p>\n<p><strong>EF Education-Oatly<\/strong> : Noemi Ruegg (Sui), C\u00e9drine Kerbaol (Fra), Veronica Ewers (Usa)<\/p>\n<p>&#13;<\/p>\n<p><strong>Lidl-Trek<\/strong> : Niamh Fisher-Black (Nzl), Riejanne Markus, Shirin van Anrooij (Hol), Elizabeth Deignan (Gbr), Gaia Realini (Ita), Amanda Spratt (Aus)<\/p>\n<p>&#13;<\/p>\n<p>\u00a0<\/p>\n<p>&#13;<\/p>\n<p>France<\/p>\n<p>&#13;<\/p>\n<p><strong>Ark\u00e9a-B&amp;B Hotels Woman<\/strong> : Valentine Cavallar (Aut), Lotte Claes (Bel)<\/p>\n<p>&#13;<\/p>\n<p><strong>FDJ-Suez<\/strong> : Demi Vollering (Ned), Elise Chabbey (Sui), Juliette Labous, Evita Muzic (Fra)<\/p>\n<p>&#13;<\/p>\n<p><strong>Cofidis Women Team<\/strong> : Nikola Noskova (Cze), Julie Bego (Fra)<\/p>\n<p>&#13;<\/p>\n<p><strong>St Michel-Preference Home-Auber 93<\/strong> : Lucie Fityus (Aus)<\/p>\n<p>&#13;<\/p>\n<p><strong>Winspace Orange Seal<\/strong> : Karolina Perekitko (Pol)<\/p>\n<p>&#13;<\/p>\n<p>\u00a0<\/p>\n<p>&#13;<\/p>\n<p>Norv\u00e8ge<\/p>\n<p>&#13;<\/p>\n<p><strong>Team Coop-Repsol<\/strong> : India Grangier (Fra)<\/p>\n<p>&#13;<\/p>\n<p><strong>Uno-X Mobility<\/strong> : Mie Bjorndal Ottestad, Katrine Aalerud (Nor)<\/p>\n<p>&#13;<\/p>\n<p>\u00a0<\/p>\n<p>&#13;<\/p>\n<p>Pays-Bas<\/p>\n<p>&#13;<\/p>\n<p><strong>Team SD Worx-Protime<\/strong> : Lotte Kopecky (Bel), Anna van der Breggen (Ned), Femke Gerritse (Ned)<\/p>\n<p>&#13;<\/p>\n<p><strong>Team Picnic PostNL<\/strong> : Marta Cavalli (Ita), Pfeiffer Georgi (Gbr), Eleonora Ciabocco (Ita)<\/p>\n<p>&#13;<\/p>\n<p><strong>Team Visma-Lease a Bike<\/strong> : Marion Bunel (Fra), Rosita Reijnhout (Ned), Viktoria Chladonova (Svk)<\/p>\n<p>&#13;<\/p>\n<p><strong>Volkerwessels Cycling Team<\/strong> : Bodine Vollering (Hol), Eline Jansen (Ned), Anne Knijnenburg (Ned)<\/p>\n<p>&#13;<\/p>\n<p>\u00a0<\/p>\n<p>&#13;<\/p>\n<p>Suisse<\/p>\n<p>&#13;<\/p>\n<p><strong>Roland<\/strong> : Morgane Coston (Fra)<\/p>\n","protected":false},"excerpt":{"rendered":"Lire la suite de l&rsquo;article&#13; \u00a0 &#13; Toutes les meilleures grimpeuses au d\u00e9part&#13; Sortie de sa retraite cette&hellip;\n","protected":false},"author":2,"featured_media":36889,"comment_status":"","ping_status":"","sticky":false,"template":"","format":"standard","meta":{"footnotes":""},"categories":[1411],"tags":[1154,207,211,11762,1011,27,209,60,210,212,208,213],"class_list":{"0":"post-36888","1":"post","2":"type-post","3":"status-publish","4":"format-standard","5":"has-post-thumbnail","7":"category-cyclisme","8":"tag-cycling","9":"tag-cyclisme","10":"tag-ffc","11":"tag-fleche-wallonne","12":"tag-fr","13":"tag-france","14":"tag-route","15":"tag-sports","16":"tag-tour-de-france","17":"tag-uci","18":"tag-velo","19":"tag-world-tour"},"share_on_mastodon":{"url":"https:\/\/pubeurope.com\/@fr\/114365540866251675","error":""},"_links":{"self":[{"href":"https:\/\/www.europesays.com\/fr\/wp-json\/wp\/v2\/posts\/36888","targetHints":{"allow":["GET"]}}],"collection":[{"href":"https:\/\/www.europesays.com\/fr\/wp-json\/wp\/v2\/posts"}],"about":[{"href":"https:\/\/www.europesays.com\/fr\/wp-json\/wp\/v2\/types\/post"}],"author":[{"embeddable":true,"href":"https:\/\/www.europesays.com\/fr\/wp-json\/wp\/v2\/users\/2"}],"replies":[{"embeddable":true,"href":"https:\/\/www.europesays.com\/fr\/wp-json\/wp\/v2\/comments?post=36888"}],"version-history":[{"count":0,"href":"https:\/\/www.europesays.com\/fr\/wp-json\/wp\/v2\/posts\/36888\/revisions"}],"wp:featuredmedia":[{"embeddable":true,"href":"https:\/\/www.europesays.com\/fr\/wp-json\/wp\/v2\/media\/36889"}],"wp:attachment":[{"href":"https:\/\/www.europesays.com\/fr\/wp-json\/wp\/v2\/media?parent=36888"}],"wp:term":[{"taxonomy":"category","embeddable":true,"href":"https:\/\/www.europesays.com\/fr\/wp-json\/wp\/v2\/categories?post=36888"},{"taxonomy":"post_tag","embeddable":true,"href":"https:\/\/www.europesays.com\/fr\/wp-json\/wp\/v2\/tags?post=36888"}],"curies":[{"name":"wp","href":"https:\/\/api.w.org\/{rel}","templated":true}]}}