{"id":368882,"date":"2025-09-05T19:25:16","date_gmt":"2025-09-05T19:25:16","guid":{"rendered":"https:\/\/www.europesays.com\/fr\/368882\/"},"modified":"2025-09-05T19:25:16","modified_gmt":"2025-09-05T19:25:16","slug":"lentraineur-de-nantes-sest-blesse","status":"publish","type":"post","link":"https:\/\/www.europesays.com\/fr\/368882\/","title":{"rendered":"L\u2019entra\u00eeneur de Nantes s\u2019est bless\u00e9 !"},"content":{"rendered":"<p>Mauvaise nouvelle pour <a href=\"https:\/\/www.footmercato.net\/joueur\/luis-castro-rodriguez\/\" rel=\"nofollow noopener\" target=\"_blank\">Luis<\/a> Castro et le FC <a href=\"https:\/\/www.footmercato.net\/club\/fc-nantes\/\" rel=\"nofollow noopener\" target=\"_blank\">Nantes<\/a>. Comme annonc\u00e9 par Ouest-France, le coach des Nantais s\u2019est bless\u00e9, jeudi, lors d\u2019un petit jeu avec son staff, improvis\u00e9 sur les terrains de la Joneli\u00e8re. <\/p>\n<p>            La suite apr\u00e8s cette publicit\u00e9<\/p>\n<p>Si le staff m\u00e9dical redoutait dans un premier temps une rupture du ligament crois\u00e9 ant\u00e9rieur d\u2019un genou, le nouvel entra\u00eeneur des Canaris serait finalement simplement victime d\u2019une grosse entorse. <\/p>\n<p>\n    Pub. le 05\/09\/2025 20:57<br \/>\n            &#8211; MAJ le 05\/09\/2025 20:58\n    <\/p>\n","protected":false},"excerpt":{"rendered":"Mauvaise nouvelle pour Luis Castro et le FC Nantes. Comme annonc\u00e9 par Ouest-France, le coach des Nantais s\u2019est&hellip;\n","protected":false},"author":2,"featured_media":216916,"comment_status":"","ping_status":"","sticky":false,"template":"","format":"standard","meta":{"footnotes":""},"categories":[2818],"tags":[1111,11,1777,674,1011,27,766,12,2636,25],"class_list":{"0":"post-368882","1":"post","2":"type-post","3":"status-publish","4":"format-standard","5":"has-post-thumbnail","7":"category-nantes","8":"tag-actu","9":"tag-actualites","10":"tag-eu","11":"tag-europe","12":"tag-fr","13":"tag-france","14":"tag-nantes","15":"tag-news","16":"tag-pays-de-la-loire","17":"tag-republique-francaise"},"share_on_mastodon":{"url":"https:\/\/pubeurope.com\/@fr\/115153333401773873","error":""},"_links":{"self":[{"href":"https:\/\/www.europesays.com\/fr\/wp-json\/wp\/v2\/posts\/368882","targetHints":{"allow":["GET"]}}],"collection":[{"href":"https:\/\/www.europesays.com\/fr\/wp-json\/wp\/v2\/posts"}],"about":[{"href":"https:\/\/www.europesays.com\/fr\/wp-json\/wp\/v2\/types\/post"}],"author":[{"embeddable":true,"href":"https:\/\/www.europesays.com\/fr\/wp-json\/wp\/v2\/users\/2"}],"replies":[{"embeddable":true,"href":"https:\/\/www.europesays.com\/fr\/wp-json\/wp\/v2\/comments?post=368882"}],"version-history":[{"count":0,"href":"https:\/\/www.europesays.com\/fr\/wp-json\/wp\/v2\/posts\/368882\/revisions"}],"wp:featuredmedia":[{"embeddable":true,"href":"https:\/\/www.europesays.com\/fr\/wp-json\/wp\/v2\/media\/216916"}],"wp:attachment":[{"href":"https:\/\/www.europesays.com\/fr\/wp-json\/wp\/v2\/media?parent=368882"}],"wp:term":[{"taxonomy":"category","embeddable":true,"href":"https:\/\/www.europesays.com\/fr\/wp-json\/wp\/v2\/categories?post=368882"},{"taxonomy":"post_tag","embeddable":true,"href":"https:\/\/www.europesays.com\/fr\/wp-json\/wp\/v2\/tags?post=368882"}],"curies":[{"name":"wp","href":"https:\/\/api.w.org\/{rel}","templated":true}]}}