{"id":368883,"date":"2025-09-05T19:26:14","date_gmt":"2025-09-05T19:26:14","guid":{"rendered":"https:\/\/www.europesays.com\/fr\/368883\/"},"modified":"2025-09-05T19:26:14","modified_gmt":"2025-09-05T19:26:14","slug":"fibois-landes-de-gascogne-le-materiau-bois-cest-le-materiau-4-0-premium","status":"publish","type":"post","link":"https:\/\/www.europesays.com\/fr\/368883\/","title":{"rendered":"Fibois Landes de Gascogne : \u00ab\u00a0Le mat\u00e9riau bois, c\u2019est le mat\u00e9riau 4.0\u00a0\u00bb &#8211; Premium"},"content":{"rendered":"<p>Forexpo 2025<\/p>\n<p>vendredi 05 septembre  2025<\/p>\n<p class=\"legende\">\n\t\t\t\t\t\t\t\t\tAnne Guivarc&rsquo;h est directrice de Fibois Landes Gascogne et de FIBNA &#8211; Cr\u00e9dits : IN\n\t\t\t\t\t\t\t\t<\/p>\n<p class=\"excerpt\">Fibois Landes de Gascogne a pour mission de repr\u00e9senter, promouvoir et rassembler les acteurs du massif des Landes de Gascogne. \u00c0 ce titre, l\u2019interprofession \u00e9tait pr\u00e9sente sur la derni\u00e8re \u00e9dition de Foxexpo en la personne d\u2019Anne Guivarc\u2019h, directrice de Fibois Landes Gascogne.<\/p>\n<p>Cet article premium vous int\u00e9resse ?<\/p>\n<p>Rejoignez nos 1000 adh\u00e9rents<\/p>\n<p>\n\t\t\t\t\t\t\t\t\t\t\t\t\t\tGagnez en visibilit\u00e9 et profitez d\u2019un r\u00e9seau de plusieurs centaines d\u2019adh\u00e9rents.\n\t\t\t\t\t\t\t\t\t\t\t\t\t<\/p>\n","protected":false},"excerpt":{"rendered":"Forexpo 2025 vendredi 05 septembre 2025 Anne Guivarc&rsquo;h est directrice de Fibois Landes Gascogne et de FIBNA &#8211;&hellip;\n","protected":false},"author":2,"featured_media":368884,"comment_status":"","ping_status":"","sticky":false,"template":"","format":"standard","meta":{"footnotes":""},"categories":[2817],"tags":[1111,11,1997,1777,674,1011,27,12,2219,5645,25],"class_list":{"0":"post-368883","1":"post","2":"type-post","3":"status-publish","4":"format-standard","5":"has-post-thumbnail","7":"category-bordeaux","8":"tag-actu","9":"tag-actualites","10":"tag-bordeaux","11":"tag-eu","12":"tag-europe","13":"tag-fr","14":"tag-france","15":"tag-news","16":"tag-nouvelle-aquitaine","17":"tag-placco-placeco","18":"tag-republique-francaise"},"share_on_mastodon":{"url":"https:\/\/pubeurope.com\/@fr\/115153337291453066","error":""},"_links":{"self":[{"href":"https:\/\/www.europesays.com\/fr\/wp-json\/wp\/v2\/posts\/368883","targetHints":{"allow":["GET"]}}],"collection":[{"href":"https:\/\/www.europesays.com\/fr\/wp-json\/wp\/v2\/posts"}],"about":[{"href":"https:\/\/www.europesays.com\/fr\/wp-json\/wp\/v2\/types\/post"}],"author":[{"embeddable":true,"href":"https:\/\/www.europesays.com\/fr\/wp-json\/wp\/v2\/users\/2"}],"replies":[{"embeddable":true,"href":"https:\/\/www.europesays.com\/fr\/wp-json\/wp\/v2\/comments?post=368883"}],"version-history":[{"count":0,"href":"https:\/\/www.europesays.com\/fr\/wp-json\/wp\/v2\/posts\/368883\/revisions"}],"wp:featuredmedia":[{"embeddable":true,"href":"https:\/\/www.europesays.com\/fr\/wp-json\/wp\/v2\/media\/368884"}],"wp:attachment":[{"href":"https:\/\/www.europesays.com\/fr\/wp-json\/wp\/v2\/media?parent=368883"}],"wp:term":[{"taxonomy":"category","embeddable":true,"href":"https:\/\/www.europesays.com\/fr\/wp-json\/wp\/v2\/categories?post=368883"},{"taxonomy":"post_tag","embeddable":true,"href":"https:\/\/www.europesays.com\/fr\/wp-json\/wp\/v2\/tags?post=368883"}],"curies":[{"name":"wp","href":"https:\/\/api.w.org\/{rel}","templated":true}]}}