{"id":368885,"date":"2025-09-05T19:27:11","date_gmt":"2025-09-05T19:27:11","guid":{"rendered":"https:\/\/www.europesays.com\/fr\/368885\/"},"modified":"2025-09-05T19:27:11","modified_gmt":"2025-09-05T19:27:11","slug":"marseille-paris-nantes-bordeaux-peut-on-parler-dete-indien-ce-week-end","status":"publish","type":"post","link":"https:\/\/www.europesays.com\/fr\/368885\/","title":{"rendered":"Marseille, Paris, Nantes, Bordeaux\u2026 Peut-on parler d&rsquo;\u00e9t\u00e9 indien ce week-end ?"},"content":{"rendered":"<p class=\"article-p mdl\">Le beau temps s&rsquo;installe sur une grande partie de la France ce week-end. Le soleil a d\u00e9j\u00e0 fait son retour dans l&rsquo;ouest et en \u00cele-de-France ce vendredi 5 septembre avant de s&rsquo;imposer sur le reste du pays. La journ\u00e9e de samedi s&rsquo;annonce <strong>encore plus ensoleill\u00e9e<\/strong> avec des temp\u00e9ratures en hausse.\u00a0<br \/>L&rsquo;apr\u00e8s-midi, il fera 22\u00b0C \u00e0 Paris, 25\u00b0C \u00e0 Biarritz, 28\u00b0C \u00e0 Perpignan, 27\u00b0C \u00e0 Nice, 24\u00b0C \u00e0 Nantes ou encore 27\u00b0C \u00e0 Marseille. Il faut s&rsquo;attendre \u00e0 un temps quasiment identique dimanche, \u00e0 l&rsquo;exception de quelques nuages, voire des averses, dans le sud-ouest.\u00a0<\/p>\n<p class=\"article-p mdl\">Ces temp\u00e9ratures dignes de l&rsquo;\u00e9t\u00e9 arrivent apr\u00e8s une semaine fra\u00eeche et particuli\u00e8rement nuageuse, mais\u00a0<a class=\"link\" href=\"https:\/\/www.rtl.fr\/actu\/meteo\/meteo-qu-est-ce-que-l-ete-indien-7794784540\" title=\"M\u00e9t\u00e9o : qu&#039;est-ce que l&#039;\u00e9t\u00e9 indien ?\" target=\"_blank\" rel=\"noopener\">pas de quoi parler d&rsquo;un \u00e9t\u00e9 indien pour autant<\/a>. L\u2019\u00e9t\u00e9 indien est un ph\u00e9nom\u00e8ne observ\u00e9 en Am\u00e9rique du Nord, plus particuli\u00e8rement au Canada et aux \u00c9tats-Unis. Il arrive commun\u00e9ment \u00e0 l\u2019automne, entre octobre et la mi-novembre.<\/p>\n<p class=\"article-p mdl\">Cette p\u00e9riode de redoux arrive apr\u00e8s les premi\u00e8res gel\u00e9es. Les caract\u00e9ristiques sont pr\u00e9cises : <strong>apr\u00e8s une p\u00e9riode de gel<\/strong>, des temp\u00e9ratures fra\u00eeches la nuit, et l&rsquo;apr\u00e8s-midi du soleil et des temp\u00e9ratures sup\u00e9rieures de 5\u00b0C en moyenne au-dessus des normales de saison. Il faut que \u00e7a dure <strong>au moins trois jours<\/strong>.\u00a0<\/p>\n<p class=\"article-p mdl\">Le retour du soleil, arrivant assez t\u00f4t et ne durant que le temps d&rsquo;un week-end, ne peut pas \u00eatre consid\u00e9r\u00e9 comme un \u00e9t\u00e9 indien. <strong>Le temps doit se d\u00e9grader \u00e0 nouveau \u00e0 partir de lundi<\/strong> avec des averses \u00e0 partir de mardi. D\u00e8s mercredi, pluie et nuages devraient toucher de nombreuses r\u00e9gions.<\/p>\n<p>    La r\u00e9daction vous recommande<\/p>\n<p class=\"s-newsletter__title\">\n                L\u2019actualit\u00e9 par la r\u00e9daction de RTL dans votre bo\u00eete mail.\n            <\/p>\n<p class=\"s-newsletter__subtitle\">\n                Gr\u00e2ce \u00e0 votre compte RTL abonnez-vous \u00e0 la newsletter RTL info pour suivre toute l&rsquo;actualit\u00e9 au quotidien\n            <\/p>\n<p>\n                                    Lire la suite\n                                <\/p>\n","protected":false},"excerpt":{"rendered":"Le beau temps s&rsquo;installe sur une grande partie de la France ce week-end. Le soleil a d\u00e9j\u00e0 fait&hellip;\n","protected":false},"author":2,"featured_media":368886,"comment_status":"","ping_status":"","sticky":false,"template":"","format":"standard","meta":{"footnotes":""},"categories":[2817],"tags":[1111,11,1997,2883,1777,674,107,1011,27,2487,12,2219,25,2648],"class_list":{"0":"post-368885","1":"post","2":"type-post","3":"status-publish","4":"format-standard","5":"has-post-thumbnail","7":"category-bordeaux","8":"tag-actu","9":"tag-actualites","10":"tag-bordeaux","11":"tag-ete","12":"tag-eu","13":"tag-europe","14":"tag-fil-info","15":"tag-fr","16":"tag-france","17":"tag-meteo","18":"tag-news","19":"tag-nouvelle-aquitaine","20":"tag-republique-francaise","21":"tag-temperature"},"share_on_mastodon":{"url":"https:\/\/pubeurope.com\/@fr\/115153341264326478","error":""},"_links":{"self":[{"href":"https:\/\/www.europesays.com\/fr\/wp-json\/wp\/v2\/posts\/368885","targetHints":{"allow":["GET"]}}],"collection":[{"href":"https:\/\/www.europesays.com\/fr\/wp-json\/wp\/v2\/posts"}],"about":[{"href":"https:\/\/www.europesays.com\/fr\/wp-json\/wp\/v2\/types\/post"}],"author":[{"embeddable":true,"href":"https:\/\/www.europesays.com\/fr\/wp-json\/wp\/v2\/users\/2"}],"replies":[{"embeddable":true,"href":"https:\/\/www.europesays.com\/fr\/wp-json\/wp\/v2\/comments?post=368885"}],"version-history":[{"count":0,"href":"https:\/\/www.europesays.com\/fr\/wp-json\/wp\/v2\/posts\/368885\/revisions"}],"wp:featuredmedia":[{"embeddable":true,"href":"https:\/\/www.europesays.com\/fr\/wp-json\/wp\/v2\/media\/368886"}],"wp:attachment":[{"href":"https:\/\/www.europesays.com\/fr\/wp-json\/wp\/v2\/media?parent=368885"}],"wp:term":[{"taxonomy":"category","embeddable":true,"href":"https:\/\/www.europesays.com\/fr\/wp-json\/wp\/v2\/categories?post=368885"},{"taxonomy":"post_tag","embeddable":true,"href":"https:\/\/www.europesays.com\/fr\/wp-json\/wp\/v2\/tags?post=368885"}],"curies":[{"name":"wp","href":"https:\/\/api.w.org\/{rel}","templated":true}]}}