{"id":368887,"date":"2025-09-05T19:28:10","date_gmt":"2025-09-05T19:28:10","guid":{"rendered":"https:\/\/www.europesays.com\/fr\/368887\/"},"modified":"2025-09-05T19:28:10","modified_gmt":"2025-09-05T19:28:10","slug":"le-maire-alerte-le-ministre-sur-la-montee-en-puissance-de-linsecurite-a-toulouse","status":"publish","type":"post","link":"https:\/\/www.europesays.com\/fr\/368887\/","title":{"rendered":"le maire alerte le ministre sur \u00ab\u00a0la mont\u00e9e en puissance de l\u2019ins\u00e9curit\u00e9 \u00e0 Toulouse\u00a0\u00bb"},"content":{"rendered":"<p>            Par<br \/>\n        <strong><br \/>\n            <a href=\"https:\/\/actu.fr\/auteur\/david-saint-sernin\" title=\"Consulter tous les articles de David Saint-Sernin\" target=\"_blank\" rel=\"noopener\">David Saint-Sernin<\/a><br \/>\n        <\/strong><\/p>\n<p>        Publi\u00e9 le<\/p>\n<p>            5 sept. 2025 \u00e0 17h56        <\/p>\n<p>Deux fusillades ont eu lieu en l\u2019espace de 24 heures au c\u0153ur du Grand Mirail \u00e0<a href=\"https:\/\/actu.fr\/toulouse\/\" target=\"_blank\" rel=\"noopener\"><strong> Toulouse<\/strong>.<\/a> Mercredi 3 septembre 2025, vers 2 heures du matin, <a href=\"https:\/\/actu.fr\/occitanie\/toulouse_31555\/mort-d-un-jeune-homme-de-23-ans-tue-par-balle-dans-ce-quartier-de-toulouse_63044053.html\" target=\"_blank\" rel=\"noopener\">quartier Bellefontaine \u00e0 Toulouse<\/a>, une patrouille de police, appel\u00e9e par des riverains suite \u00e0 des<strong> tirs en rafale d\u2019armes automatique<\/strong>, est tomb\u00e9e sur plusieurs individus. Elle a \u00e9t\u00e9 menac\u00e9e par l\u2019un des individus qui a mis en joue la patrouille, sans tirer. Sur place, des douilles et 19 \u00e9tuis de gros calibre pouvant \u00eatre compatibles avec une kalachnikov ont \u00e9t\u00e9 trouv\u00e9s. Des impacts de balles \u00e9taient visibles sur des murs.<\/p>\n<p>Une nouvelle fusillade<\/p>\n<p class=\" wall-content\">Jeudi 4 septembre 2025, vers 3h20 du matin, un \u00e9quipage de police a \u00e9t\u00e9 appel\u00e9 pour <strong>une rafale de tirs<\/strong>, cheminement Louis Auriacombe, quartier <strong>Reynerie<\/strong> cette fois-ci.\u00a0<\/p>\n<p class=\" wall-content\">De la m\u00eame fa\u00e7on que la veille, les policiers ont d\u00e9couvert sur place des douilles de petit calibre. Il n\u2019y a pas eu de bless\u00e9.<\/p>\n<p>    <a href=\"https:\/\/www.google.com\/maps\/embed?pb=!1m18!1m12!1m3!1d20602.15025937623!2d1.3968011773313724!3d43.572352474665095!2m3!1f0!2f0!3f0!3m2!1i1024!2i768!4f13.1!3m3!1m2!1s0x12aeba351745b42b%3A0x7b7d0508f80f7645!2s7-13%20Cheminement%20Louis%20Auriacombe%2C%2031100%20Toulouse!5e0!3m2!1sfr!2sfr!4v1757083493953!5m2!1sfr!2sfr\" title=\"Ouvrie le lien\" target=\"_blank\" rel=\"noopener\">Cliquez ici pour visualiser le contenu<\/a><\/p>\n<p class=\" wall-content\">Une fin moins tragique que celle de la nuit du samedi\u00a016 au dimanche 17\u00a0ao\u00fbt 2025, quand, quartier <strong>Bellefontaine<\/strong>, un homme de 23\u00a0ans a \u00e9t\u00e9 <a href=\"https:\/\/actu.fr\/occitanie\/toulouse_31555\/mort-d-un-jeune-homme-de-23-ans-tue-par-balle-dans-ce-quartier-de-toulouse_63044053.html\" target=\"_blank\" rel=\"noopener\">mortellement touch\u00e9 par balle.<\/a><\/p>\n<p>Vid\u00e9os : en ce moment sur ActuLe maire de Toulouse \u00e9crit au ministre de l\u2019Int\u00e9rieur<\/p>\n<p class=\" wall-content\">Ces deux r\u00e9cents faits divers, qui viennent apr\u00e8s la tragique nuit de la mi-ao\u00fbt, ont amen\u00e9 <a href=\"https:\/\/actu.fr\/tag\/jean-luc-moudenc\" target=\"_blank\" rel=\"noopener\">le maire (DVD) de Toulouse, Jean-Luc Moudenc<\/a>, \u00e0 \u00e9crire au ministre (LR) de l\u2019Int\u00e9rieur, <strong>Bruno Retailleau.\u00a0<\/strong>Dans ce courrier en date du 4\u00a0septembre, le maire d\u00e9bute\u2009: <a href=\"https:\/\/actu.fr\/occitanie\/toulouse_31555\/toulouse-reglements-de-comptes-le-cri-d-alarme-de-jean-luc-moudenc_60078267.html\" target=\"_blank\" rel=\"noopener\">\u00ab\u00a0\u00c0 plusieurs reprises, j\u2019ai alert\u00e9 le gouvernement<\/a>, et vous-m\u00eame, sur la <strong>mont\u00e9e en puissance de<\/strong><a href=\"https:\/\/actu.fr\/occitanie\/toulouse_31555\/insecurite-dans-ce-quartier-du-centre-de-toulouse-des-commerces-sont-victimes-d-agressions-et-d-incivilites_62582133.html\" target=\"_blank\" rel=\"noopener\"><strong> l\u2019ins\u00e9curit\u00e9<\/strong> \u00e0 Toulouse\u00a0\u00bb.<\/a><\/p>\n<p class=\" wall-content\">\u00ab\u00a0H\u00e9las, \u00e0 nouveau, notre ville a \u00e9t\u00e9 <strong>le th\u00e9\u00e2tre de fusillades\u00a0\u00bb,<\/strong> regrette-t-il ensuite. \u00ab\u00a0Dans la nuit de mardi \u00e0 mercredi, une patrouille de la police nationale a \u00e9t\u00e9 le t\u00e9moin d\u2019\u00e9changes de tirs \u00e0 proximit\u00e9 de la cit\u00e9 de Bellefontaine, puis de nouveaux \u00e9changes de coups de feu ont retenti, dans le m\u00eame secteur, 24 heures plus tard\u00a0\u00bb.<\/p>\n<p>Votre r\u00e9gion, votre actu !<\/p>\n<p>Recevez chaque jour les infos qui comptent pour vous.<\/p>\n<p>\t<a href=\"https:\/\/actu.fr\/newsletter\" class=\"ac-btn ac-btn--corner ac-btn--medium ac-btn--blue800\" target=\"_blank\" rel=\"noopener\">S&rsquo;incrire<\/a><\/p>\n<blockquote class=\"ac-article-quote wall-content\">\n<p>Ces \u00e9pisodes s\u2019inscrivent dans une s\u00e9rie de violences arm\u00e9es qui secouent, depuis quelques semaines, les quartiers du Grand Mirail, que nous ne pouvons plus tol\u00e9rer.<\/p>\n<p>    <strong>Jean-Luc Moudenc<\/strong><br \/>\n        Maire (DVD) de Toulouse    <\/p><\/blockquote>\n<p>\u00ab D\u00e9ployer davantage de moyens techniques et humains\u2009\u00bb<\/p>\n<p class=\" wall-content\">\u00ab\u00a0Pour faire face \u00e0 ces <strong>bandes de mieux en mieux arm\u00e9es<\/strong>, ainsi qu\u2019\u00e0 l\u2019ascension des <strong>trafics de stup\u00e9fiants<\/strong> \u2014 qui entra\u00eenent r\u00e8glements de comptes sanglants et fusillades \u2014, il est n\u00e9cessaire de d\u00e9ployer davantage de moyens techniques et humains\u00a0\u00bb, poursuit le maire de <a href=\"https:\/\/actu.fr\/occitanie\/toulouse_31555\/population-toulouse-compte-desormais-511-684-habitants-et-va-devenir-3e-ville-de-france-tres-rapidement_62022339.html\" target=\"_blank\" rel=\"noopener\">la future 3\u1d49 ville de France. <\/a><\/p>\n<p class=\" wall-content\">\u00ab\u00a0Si le contrat de s\u00e9curit\u00e9 int\u00e9gr\u00e9e, sign\u00e9 le 9 octobre 2020, a d\u2019ores et d\u00e9j\u00e0 permis l\u2019arriv\u00e9e de plusieurs policiers nationaux suppl\u00e9mentaires\u00a0\u00bb, estime Jean-Luc Moudenc, \u00ab\u00a0les \u00e9v\u00e9nements dramatiques de ces derni\u00e8res ann\u00e9es, coupl\u00e9s \u00e0 <strong>l\u2019augmentation importante du nombre d\u2019habitants<\/strong> dans notre commune depuis plus de 20 ans, d\u00e9montrent que le <strong>besoin en nouveaux policiers<\/strong> demeure tr\u00e8s pr\u00e9gnant pour assurer une s\u00e9curit\u00e9 publique optimale pour nos concitoyens\u00a0\u00bb.<\/p>\n<blockquote class=\"ac-article-quote wall-content\">\n<p>Ces derniers ne peuvent \u00eatre les t\u00e9moins &#8211; ou pire, les victimes &#8211; de ce d\u00e9ferlement de violence.<\/p>\n<p>    <strong>Jean-Luc Moudenc<\/strong>\n            <\/p><\/blockquote>\n<p>Il y a un an, m\u00eames causes, m\u00eame demande<\/p>\n<p class=\" wall-content\">Comme en 2023, et comme en septembre\u00a02024, le maire de Toulouse demande donc <strong>des moyens policiers suppl\u00e9mentaires<\/strong>.\u00a0Le 9 septembre 2024, d\u00e9j\u00e0 apr\u00e8s deux fusillades en l\u2019espace de 24 heures, \u00e0 l\u2019\u00e9poque dans le quartier Empalot, <a href=\"https:\/\/actu.fr\/occitanie\/toulouse_31555\/fusillades-a-toulouse-face-aux-guerres-de-gangs-jean-luc-moudenc-veut-activer-de-nouveaux-leviers_61583379.html\" target=\"_blank\" rel=\"noopener\">le maire de Toulouse, avait d\u00e9plor\u00e9 \u00ab\u2009ces guerres pour contr\u00f4ler des territoires et d\u00e9ployer des points de deal\u2009\u00bb.<\/a><\/p>\n<p class=\" wall-content\">\u00ab\u00a0C\u2019est un sc\u00e9nario qui est toujours le m\u00eame, avec des acteurs qui sont toujours les m\u00eames\u00a0\u00bb, poursuivait-il alors. \u00ab\u00a0Cela nous pr\u00e9occupe beaucoup, nous les maires. Nous demandons des moyens policiers depuis des ann\u00e9es. En septembre, une forte proportion des nouveaux effectifs dans la police nationale va \u00eatre affect\u00e9e aux enqu\u00eates judiciaires, c\u2019est une bonne chose, mais il faut aller plus loin\u00a0\u00bb.<\/p>\n<p>Revoir le Contrat de s\u00e9curit\u00e9 int\u00e9gr\u00e9 \u00e0 la hausse<\/p>\n<p class=\" wall-content\">Le maire esp\u00e9rait alors ainsi faire jouer la <strong>clause de revoyure<\/strong> du Contrat de s\u00e9curit\u00e9 int\u00e9gr\u00e9 sign\u00e9 avec l\u2019\u00c9tat en 2020. Une clause qui pr\u00e9voit de pouvoir rehausser le nombre de nouveaux policiers, des 111 pr\u00e9vus \u00e0 150.<\/p>\n<p class=\" wall-content\">Les 111 policiers nationaux suppl\u00e9mentaires promis par le contrat sont<strong> en poste \u00e0 Toulouse<\/strong> depuis le mois de<strong> novembre\u00a02024<\/strong>.\u00a0Mais pour Jean-Luc Moudenc, l\u2019\u00c9tat doit d\u00e9sormais aller encore plus loin.<\/p>\n<p class=\" wall-content\">Personnalisez votre actualit\u00e9 en ajoutant vos villes et m\u00e9dias en favori avec <a href=\"https:\/\/moncompte.actu.fr\" title=\"D\u00e9couvez Mon Actu\" rel=\"nofollow noopener\" data-trk=\"{&quot;cta&quot;:{&quot;action&quot;:&quot;https:\\\/\\\/moncompte.actu.fr&quot;,&quot;category&quot;:&quot;mon compte&quot;,&quot;from&quot;:&quot;article footer&quot;,&quot;name&quot;:&quot;Mon actu&quot;,&quot;type&quot;:&quot;cta&quot;}}\" target=\"_blank\">Mon Actu<\/a>.<\/p>\n","protected":false},"excerpt":{"rendered":"Par David Saint-Sernin Publi\u00e9 le 5 sept. 2025 \u00e0 17h56 Deux fusillades ont eu lieu en l\u2019espace de&hellip;\n","protected":false},"author":2,"featured_media":368888,"comment_status":"","ping_status":"","sticky":false,"template":"","format":"standard","meta":{"footnotes":""},"categories":[2816],"tags":[1111,11,1013,1777,674,118,1011,27,2857,12,2680,1072,25,2312],"class_list":{"0":"post-368887","1":"post","2":"type-post","3":"status-publish","4":"format-standard","5":"has-post-thumbnail","7":"category-toulouse","8":"tag-actu","9":"tag-actualites","10":"tag-bruno-retailleau","11":"tag-eu","12":"tag-europe","13":"tag-faits-divers","14":"tag-fr","15":"tag-france","16":"tag-jean-luc-moudenc","17":"tag-news","18":"tag-occitanie","19":"tag-police","20":"tag-republique-francaise","21":"tag-toulouse"},"share_on_mastodon":{"url":"https:\/\/pubeurope.com\/@fr\/115153345107579399","error":""},"_links":{"self":[{"href":"https:\/\/www.europesays.com\/fr\/wp-json\/wp\/v2\/posts\/368887","targetHints":{"allow":["GET"]}}],"collection":[{"href":"https:\/\/www.europesays.com\/fr\/wp-json\/wp\/v2\/posts"}],"about":[{"href":"https:\/\/www.europesays.com\/fr\/wp-json\/wp\/v2\/types\/post"}],"author":[{"embeddable":true,"href":"https:\/\/www.europesays.com\/fr\/wp-json\/wp\/v2\/users\/2"}],"replies":[{"embeddable":true,"href":"https:\/\/www.europesays.com\/fr\/wp-json\/wp\/v2\/comments?post=368887"}],"version-history":[{"count":0,"href":"https:\/\/www.europesays.com\/fr\/wp-json\/wp\/v2\/posts\/368887\/revisions"}],"wp:featuredmedia":[{"embeddable":true,"href":"https:\/\/www.europesays.com\/fr\/wp-json\/wp\/v2\/media\/368888"}],"wp:attachment":[{"href":"https:\/\/www.europesays.com\/fr\/wp-json\/wp\/v2\/media?parent=368887"}],"wp:term":[{"taxonomy":"category","embeddable":true,"href":"https:\/\/www.europesays.com\/fr\/wp-json\/wp\/v2\/categories?post=368887"},{"taxonomy":"post_tag","embeddable":true,"href":"https:\/\/www.europesays.com\/fr\/wp-json\/wp\/v2\/tags?post=368887"}],"curies":[{"name":"wp","href":"https:\/\/api.w.org\/{rel}","templated":true}]}}