{"id":368891,"date":"2025-09-05T19:30:14","date_gmt":"2025-09-05T19:30:14","guid":{"rendered":"https:\/\/www.europesays.com\/fr\/368891\/"},"modified":"2025-09-05T19:30:14","modified_gmt":"2025-09-05T19:30:14","slug":"cours-de-danse-flamenco-pena-estrella-flamenco-a-lille-le-mardi-16-septembre-2025","status":"publish","type":"post","link":"https:\/\/www.europesays.com\/fr\/368891\/","title":{"rendered":"Cours de danse Flamenco &#8211; Pe\u00f1a Estrella Flamenco \u00e0 Lille le mardi 16 septembre 2025"},"content":{"rendered":"<p>La PE\u00d1A ESTRELLA Flamenco \u00e0 LILLE propose des cours hebdomadaires pour tous niveaux les mardis et mercredis soirs (hors vacances scolaires).<\/p>\n<p>D\u00e9butants, initi\u00e9s, passionn\u00e9s, \u00e0 la recherche de perfectionnement ou de loisirs : La Pe\u00f1a Estrella est la structure ad\u00e9quate \u00e0 vos besoins.<br \/>Estrella La Peli de Linares, chor\u00e9graphe et danseuse professionnelle, dirige artistiquement le contenu des enseignements et les \u00e9quipes d&rsquo;intervenants.<br \/>Nous vous souhaitons une bonne ann\u00e9e scolaire Flamenca en notre compagnie. Ol\u00e9<\/p>\n<p>FONCTIONNEMENT DES COURS \u2013 CULTURE FLAMENCA :<\/p>\n<p>Le Flamenco est un art d\u2019Expression et de soliste : Pas besoin de partenaire \u2013 Le Flamenco est un Art mixte qui s\u2019adresse aux femmes comme aux hommes\u00a0<\/p>\n<p>TENUE \u2013 CHAUSSURES :<\/p>\n<p>Tenue Ample, \u00e0 l\u2019aise (pas de mini-jupes \/ pas de jupes \u00e9troites \/ pas d\u2019obligation de robes de Flamenco) \u2013 Chaussures de Flamenco ou pour un essai : Chaussures Plates \u00e0 talons carr\u00e9 (Pas de Talons aiguilles)<\/p>\n<p>Toutes les inscriptions se font par HelloAsso. N\u2019h\u00e9sitez pas \u00e0 contacter notre \u00e9quipe pour connaitre votre niveau (les ann\u00e9es de pratique sont indiqu\u00e9es \u00e0 titre indicatif). Cours d\u2019essai uniquement pour nouveaux \u00e9l\u00e8ves.<\/p>\n<p>Le cours d\u2019essai ne s\u2019adresse qu\u2019aux \u00e9l\u00e8ves n\u2019ayant jamais pris de cours \u00e0 la PE\u00d1A ESTRELLA.<br \/>Fonctionnement : Vous prenez le cours, la place vous sera r\u00e9serv\u00e9e 24H apr\u00e8s cette 1\u00e8re s\u00e9ance. Au del\u00e0, elle est attribu\u00e9e aux personnes sur liste d\u2019attente.<\/p>\n<p>LIEU : Centre de danse LE PLATEAU 81 rue de Tr\u00e9vise 59000 LILLE<\/p>\n<p>COURS 1-1 : MERCREDIS 19h30-20h30 \u2013 sans minimum de pratique<br \/>COURS 1-2 : MERCREDIS 18h30-19h30 \u2013 pratique 1 \u00e0 3 ans<br \/>COURS 2-1 : MARDIS 18h30-19h30 \u2013 pratique 2 \u00e0 4 ans<br \/>COURS 2-2 \u2013 MARDIS 19h30-20h30 \u2013 pratique 3 \u00e0 5 ans<br \/>COURS 3 \u2013 MARDIS 20h30-21h30 \u2013 mini 5 ans de pratique<\/p>\n<p>Les mardis 2025\/2026 : 16,23,30\/09 \u2013 07,14\/10 \u2013 04,11,18,25\/11 \u2013 02,09,16\/12 \u2013 06,13,20,27\/01 \u2013 03,10\/02 \u2013 03,10,17,24\/03 \u2013 01,08,29\/04 \u2013 06,13,20,27\/05 \u2013 03\/06<\/p>\n<p>Les mercredis 2025\/2026 : 17,24\/09 \u2013 01,08,15\/10 \u2013 05,12,19,26\/11 \u2013 03,10,17\/12 \u2013 07,14,21,28\/01 \u2013 04,11\/02 \u2013 04,11,18,25,31\/03 \u2013 07,28\/04 \u2013 05,12,19,26\/05 \u2013 02\/06<\/p>\n<p>Tarifs :<br \/>FORFAIT ANNUEL<\/p>\n<p>1 Cours (niveau 1 ou 2) : 250\u20ac + 15\u20ac (adh\u00e9sion)<\/p>\n<p>1 Cours (niveau 3 seul) : 280\u20ac + 15\u20ac (adh\u00e9sion)<\/p>\n<p>2 Cours (parmi niveaux 1 et\/ou 2 et\/ou niveau 3 : +30\u20ac*) : 380\u20ac* + 15\u20ac (adh\u00e9sion)<\/p>\n<p>3 cours (niveaux 1 et\/ou 2 et\/ou niveau 3 : +30\u20ac*) : 480\u20ac* + 15\u20ac (adh\u00e9sion)<\/p>\n<p>LA PE\u00d1A ESTRELLA FLAMENCO A LILLE<\/p>\n<p>La Pe\u00f1a Estrella promeut la culture Flamenco \u00e0 Lille \u00e0 travers des cours de Danse, chant, guitare et cajon, technique ainsi que des spectacles. Fond\u00e9e par Patricia WARTELLE la \u00ab\u00a0Mama\u00a0\u00bb du Flamenco qui a soutenu cet art \u00e0 Lille depuis 1984 \u00e0 travers de nombreuses manifestations, c&rsquo;est aujourd&rsquo;hui sa fille Estrella qui a repris le Flambeau accompagn\u00e9e d&rsquo;une \u00e9quipe d&rsquo;intervenants passionn\u00e9s.\u00a0<\/p>\n<p>Adultes et Enfants s&rsquo;y retrouvent dans la bonne humeur afin d&rsquo;aborder sereinement l&rsquo;enseignement de la musique, du chant ou de la danse.\u00a0<\/p>\n<p>Vid\u00e9o : https:\/\/www.youtube.com\/watch?v=1zNPHIaXAgs<\/p>\n","protected":false},"excerpt":{"rendered":"La PE\u00d1A ESTRELLA Flamenco \u00e0 LILLE propose des cours hebdomadaires pour tous niveaux les mardis et mercredis soirs&hellip;\n","protected":false},"author":2,"featured_media":368892,"comment_status":"","ping_status":"","sticky":false,"template":"","format":"standard","meta":{"footnotes":""},"categories":[2815],"tags":[1111,11,1777,674,1011,27,811,1307,12,25],"class_list":{"0":"post-368891","1":"post","2":"type-post","3":"status-publish","4":"format-standard","5":"has-post-thumbnail","7":"category-lille","8":"tag-actu","9":"tag-actualites","10":"tag-eu","11":"tag-europe","12":"tag-fr","13":"tag-france","14":"tag-hauts-de-france","15":"tag-lille","16":"tag-news","17":"tag-republique-francaise"},"share_on_mastodon":{"url":"https:\/\/pubeurope.com\/@fr\/115153353059047136","error":""},"_links":{"self":[{"href":"https:\/\/www.europesays.com\/fr\/wp-json\/wp\/v2\/posts\/368891","targetHints":{"allow":["GET"]}}],"collection":[{"href":"https:\/\/www.europesays.com\/fr\/wp-json\/wp\/v2\/posts"}],"about":[{"href":"https:\/\/www.europesays.com\/fr\/wp-json\/wp\/v2\/types\/post"}],"author":[{"embeddable":true,"href":"https:\/\/www.europesays.com\/fr\/wp-json\/wp\/v2\/users\/2"}],"replies":[{"embeddable":true,"href":"https:\/\/www.europesays.com\/fr\/wp-json\/wp\/v2\/comments?post=368891"}],"version-history":[{"count":0,"href":"https:\/\/www.europesays.com\/fr\/wp-json\/wp\/v2\/posts\/368891\/revisions"}],"wp:featuredmedia":[{"embeddable":true,"href":"https:\/\/www.europesays.com\/fr\/wp-json\/wp\/v2\/media\/368892"}],"wp:attachment":[{"href":"https:\/\/www.europesays.com\/fr\/wp-json\/wp\/v2\/media?parent=368891"}],"wp:term":[{"taxonomy":"category","embeddable":true,"href":"https:\/\/www.europesays.com\/fr\/wp-json\/wp\/v2\/categories?post=368891"},{"taxonomy":"post_tag","embeddable":true,"href":"https:\/\/www.europesays.com\/fr\/wp-json\/wp\/v2\/tags?post=368891"}],"curies":[{"name":"wp","href":"https:\/\/api.w.org\/{rel}","templated":true}]}}