{"id":368893,"date":"2025-09-05T19:31:24","date_gmt":"2025-09-05T19:31:24","guid":{"rendered":"https:\/\/www.europesays.com\/fr\/368893\/"},"modified":"2025-09-05T19:31:24","modified_gmt":"2025-09-05T19:31:24","slug":"la-pj-de-lille-saisit-940-kg-de-cocaine-arrives-de-guadeloupe-2","status":"publish","type":"post","link":"https:\/\/www.europesays.com\/fr\/368893\/","title":{"rendered":"La PJ de Lille saisit 940\u00a0kg de coca\u00efne arriv\u00e9s de Guadeloupe"},"content":{"rendered":"<p>Ce vendredi, la police judiciaire de <a href=\"https:\/\/www.20minutes.fr\/lille\/\" class=\"c-link c-link--is-underlined\" target=\"_blank\" rel=\"noopener\">Lille <\/a>a men\u00e9 un vaste coup de filet permettant l\u2019interpellation d\u2019une dizaine de personnes et la saisie de plus de 900\u00a0kg de <a href=\"https:\/\/www.20minutes.fr\/dossier\/cocaine\" class=\"c-link c-link--is-underlined\" target=\"_blank\" rel=\"noopener\">coca\u00efne <\/a>pr\u00e8s de Colmar, en Alsace. <a href=\"https:\/\/www.francebleu.fr\/infos\/faits-divers-justice\/plus-de-900-kilos-de-cocaine-saisis-apres-une-enquete-menee-par-la-police-judiciaire-de-lille-1776500\" rel=\"nofollow noopener\" target=\"_blank\" class=\"c-link c-link--is-underlined\">Selon Ici<\/a>, la drogue arrivait directement de Guadeloupe.<\/p>\n<p>Ce sont 940\u00a0kg de coca\u00efne qui ont donc \u00e9t\u00e9 sortis du circuit, ce vendredi matin. Une saisie dont la valeur marchande d\u00e9passe facilement les 50\u00a0millions d\u2019euros. Et l\u2019op\u00e9ration n\u2019avait rien d\u2019un hasard puisque les agents de la police judiciaire de Lille \u00e9taient tr\u00e8s bien renseign\u00e9s.<\/p>\n<p>Un convoi pist\u00e9 depuis son d\u00e9part de Guadeloupe<\/p>\n<p>Ils ont suivi le parcours de la marchandise d\u00e8s son d\u00e9part de Guadeloupe, planqu\u00e9e dans un conteneur transport\u00e9 par bateau jusqu\u2019au port de Dunkerque, dans le Nord. Le conteneur a ensuite \u00e9t\u00e9 achemin\u00e9 par camion vers le Grand-Est et c\u2019est une fois le chargement arriv\u00e9 aux environs de Colmar, en Alsace, que les policiers sont pass\u00e9s \u00e0 l\u2019action.<\/p>\n<\/p>\n<p>Selon nos confr\u00e8res, la saisie a eu lieu au petit matin, suivie par l\u2019interpellation d\u2019une dizaine de personnes en tout, dont trois aux Antilles.<\/p>\n","protected":false},"excerpt":{"rendered":"Ce vendredi, la police judiciaire de Lille a men\u00e9 un vaste coup de filet permettant l\u2019interpellation d\u2019une dizaine&hellip;\n","protected":false},"author":2,"featured_media":368894,"comment_status":"","ping_status":"","sticky":false,"template":"","format":"standard","meta":{"footnotes":""},"categories":[2815],"tags":[1111,47,11,3993,1777,674,118,1011,27,775,811,1307,813,12,1308,1309,25],"class_list":{"0":"post-368893","1":"post","2":"type-post","3":"status-publish","4":"format-standard","5":"has-post-thumbnail","7":"category-lille","8":"tag-actu","9":"tag-actualite","10":"tag-actualites","11":"tag-cocaine","12":"tag-eu","13":"tag-europe","14":"tag-faits-divers","15":"tag-fr","16":"tag-france","17":"tag-grand-est","18":"tag-hauts-de-france","19":"tag-lille","20":"tag-narcotrafiquants","21":"tag-news","22":"tag-nord","23":"tag-nord-pas-de-calais","24":"tag-republique-francaise"},"share_on_mastodon":{"url":"https:\/\/pubeurope.com\/@fr\/115153357143222863","error":""},"_links":{"self":[{"href":"https:\/\/www.europesays.com\/fr\/wp-json\/wp\/v2\/posts\/368893","targetHints":{"allow":["GET"]}}],"collection":[{"href":"https:\/\/www.europesays.com\/fr\/wp-json\/wp\/v2\/posts"}],"about":[{"href":"https:\/\/www.europesays.com\/fr\/wp-json\/wp\/v2\/types\/post"}],"author":[{"embeddable":true,"href":"https:\/\/www.europesays.com\/fr\/wp-json\/wp\/v2\/users\/2"}],"replies":[{"embeddable":true,"href":"https:\/\/www.europesays.com\/fr\/wp-json\/wp\/v2\/comments?post=368893"}],"version-history":[{"count":0,"href":"https:\/\/www.europesays.com\/fr\/wp-json\/wp\/v2\/posts\/368893\/revisions"}],"wp:featuredmedia":[{"embeddable":true,"href":"https:\/\/www.europesays.com\/fr\/wp-json\/wp\/v2\/media\/368894"}],"wp:attachment":[{"href":"https:\/\/www.europesays.com\/fr\/wp-json\/wp\/v2\/media?parent=368893"}],"wp:term":[{"taxonomy":"category","embeddable":true,"href":"https:\/\/www.europesays.com\/fr\/wp-json\/wp\/v2\/categories?post=368893"},{"taxonomy":"post_tag","embeddable":true,"href":"https:\/\/www.europesays.com\/fr\/wp-json\/wp\/v2\/tags?post=368893"}],"curies":[{"name":"wp","href":"https:\/\/api.w.org\/{rel}","templated":true}]}}