{"id":368895,"date":"2025-09-05T19:32:10","date_gmt":"2025-09-05T19:32:10","guid":{"rendered":"https:\/\/www.europesays.com\/fr\/368895\/"},"modified":"2025-09-05T19:32:10","modified_gmt":"2025-09-05T19:32:10","slug":"lecole-du-numerique-la-plateforme-sinstalle-dans-le-quartier-cazemajou","status":"publish","type":"post","link":"https:\/\/www.europesays.com\/fr\/368895\/","title":{"rendered":"L\u2019\u00e9cole du num\u00e9rique la Plateforme s\u2019installe dans le quartier Cazemajou"},"content":{"rendered":"<p>Avec une vue sur <a href=\"https:\/\/www.laprovence.com\/article\/region\/4476207412817314\/on-renove-ce-qui-ne-la-jamais-ete-au-chateau-dif-des-travaux-inedits-pour-sublimer-le-site-historique\" target=\"_blank\" rel=\"nofollow noopener\">le ch\u00e2teau d\u2019If<\/a> et les \u00eeles du Frioul, longeant la rocade et la voie ferr\u00e9e, le campus, situ\u00e9 dans la ZAC Littoral, r\u00e9habilitera une ancienne zone de traitement de pollution et de stockage de produits chimiques. Les travaux ont d\u00e9but\u00e9 il y a un an et verront le quartier \u00eatre compl\u00e8tement transform\u00e9 dans un espace qui m\u00ealera \u00e9ducation et culture. En face du tout nouveau coll\u00e8ge j\u00e9suite priv\u00e9 Loyola et \u00e0 seulement quelques minutes \u00e0 pied du tramway T3 qui rentrera en service fin 2025, le futur complexe va radicalement changer le panorama urbain.<\/p>\n<p>Des constructions r\u00e9nov\u00e9es et durables<\/p>\n<p>\u00ab\u00a0Le plus dur c\u2019\u00e9tait les permis de construire, la construction c\u2019\u00e9tait beaucoup plus simple\u00a0\u00bb, confie un responsable du chantier. Conceptualis\u00e9e par l\u2019agence d\u2019architecture Encore Heureux, en partenariat avec le groupe <a href=\"https:\/\/www.laprovence.com\/article\/papier\/5088602\/a-marseille-les-15-sacrifies-de-la-success-story-dicade.html\" target=\"_blank\" rel=\"nofollow noopener\">immobilier Icade<\/a> et Eurom\u00e9diterran\u00e9e, cette friche de <strong>25 000 m\u00b2<\/strong> va conserver les traces de son pass\u00e9 industriel : les b\u00e2timents \u00e0 l\u2019architecture h\u00e9t\u00e9roclite m\u00ealeront structures neuves et r\u00e9habilit\u00e9es, conservant une partie de l\u2019\u00e2me industrielle du site. Les mat\u00e9riaux qui seront r\u00e9cup\u00e9r\u00e9s suite \u00e0 la r\u00e9novation des structures existantes serviront \u00e0 faire des bancs revendus en e&#8230;<\/p>\n","protected":false},"excerpt":{"rendered":"Avec une vue sur le ch\u00e2teau d\u2019If et les \u00eeles du Frioul, longeant la rocade et la voie&hellip;\n","protected":false},"author":2,"featured_media":368896,"comment_status":"","ping_status":"","sticky":false,"template":"","format":"standard","meta":{"footnotes":""},"categories":[2814],"tags":[17,1111,11,50329,1446,1777,674,1011,27,4112,884,12,4125,18931,882,5775,16,25,15804],"class_list":{"0":"post-368895","1":"post","2":"type-post","3":"status-publish","4":"format-standard","5":"has-post-thumbnail","7":"category-marseille","8":"tag-17","9":"tag-actu","10":"tag-actualites","11":"tag-cazemajou","12":"tag-dans","13":"tag-eu","14":"tag-europe","15":"tag-fr","16":"tag-france","17":"tag-lecole","18":"tag-marseille","19":"tag-news","20":"tag-numerique","21":"tag-plateforme","22":"tag-provence-alpes-cote-dazur","23":"tag-quartier","24":"tag-region","25":"tag-republique-francaise","26":"tag-sinstalle"},"share_on_mastodon":{"url":"https:\/\/pubeurope.com\/@fr\/115153360898945573","error":""},"_links":{"self":[{"href":"https:\/\/www.europesays.com\/fr\/wp-json\/wp\/v2\/posts\/368895","targetHints":{"allow":["GET"]}}],"collection":[{"href":"https:\/\/www.europesays.com\/fr\/wp-json\/wp\/v2\/posts"}],"about":[{"href":"https:\/\/www.europesays.com\/fr\/wp-json\/wp\/v2\/types\/post"}],"author":[{"embeddable":true,"href":"https:\/\/www.europesays.com\/fr\/wp-json\/wp\/v2\/users\/2"}],"replies":[{"embeddable":true,"href":"https:\/\/www.europesays.com\/fr\/wp-json\/wp\/v2\/comments?post=368895"}],"version-history":[{"count":0,"href":"https:\/\/www.europesays.com\/fr\/wp-json\/wp\/v2\/posts\/368895\/revisions"}],"wp:featuredmedia":[{"embeddable":true,"href":"https:\/\/www.europesays.com\/fr\/wp-json\/wp\/v2\/media\/368896"}],"wp:attachment":[{"href":"https:\/\/www.europesays.com\/fr\/wp-json\/wp\/v2\/media?parent=368895"}],"wp:term":[{"taxonomy":"category","embeddable":true,"href":"https:\/\/www.europesays.com\/fr\/wp-json\/wp\/v2\/categories?post=368895"},{"taxonomy":"post_tag","embeddable":true,"href":"https:\/\/www.europesays.com\/fr\/wp-json\/wp\/v2\/tags?post=368895"}],"curies":[{"name":"wp","href":"https:\/\/api.w.org\/{rel}","templated":true}]}}