{"id":368897,"date":"2025-09-05T19:33:10","date_gmt":"2025-09-05T19:33:10","guid":{"rendered":"https:\/\/www.europesays.com\/fr\/368897\/"},"modified":"2025-09-05T19:33:10","modified_gmt":"2025-09-05T19:33:10","slug":"payan-interpelle-retailleau-apres-lattaque-au-couteau-a-belsunce","status":"publish","type":"post","link":"https:\/\/www.europesays.com\/fr\/368897\/","title":{"rendered":"Payan interpelle Retailleau apr\u00e8s l&rsquo;attaque au couteau \u00e0 Belsunce"},"content":{"rendered":"<p>Payan interpelle Retailleau<\/p>\n<p>Beno\u00eet Payan et Bruno Retailleau n&rsquo;ont pas vraiment eu le temps de se parler mardi soir. Apr\u00e8s l&rsquo;attaque au couteau \u00e0 Belsunce, <a href=\"https:\/\/www.laprovence.com\/article\/faits-divers-justice\/1109776074357314\/attaque-au-couteau-a-marseille-vous-etes-le-bouclier-de-la-republique-bruno-retailleau-a-salue-les-policiers\" target=\"_blank\" rel=\"nofollow noopener\">le ministre de l&rsquo;Int\u00e9rieur avait fait un d\u00e9placement express<\/a> \u00e0 Marseille. L&rsquo;histoire ne dit pas s&rsquo;il sera encore \u00e0 Beauvau la semaine prochaine mais le maire de Marseille lui a d\u00e9j\u00e0 \u00e9crit pour lui demander un rendez-vous dans les plus brefs d\u00e9lais. L&rsquo;objectif\u00a0: \u00e9voquer avec lui la situation dans le centre-ville, r\u00e9clamer de nouveaux renforts de police nationale &#8211; une centaine &#8211; et discuter des strat\u00e9gies de d\u00e9ploiement. Beno\u00eet Payan lui r\u00e9clame aussi un bilan sur l&rsquo;efficacit\u00e9 de la suppression de la pr\u00e9fecture de police et la fusion avec la pr\u00e9fecture d\u00e9partementale. Le gouvernement a mis fin \u00e0 l&rsquo;exception marseillaise qui remonte \u00e0\u00a02012 en mars dernier en repla\u00e7ant la pr\u00e9fecture de police sous l&rsquo;autorit\u00e9 unique du pr\u00e9fet de R\u00e9gion, Georges-Fran\u00e7ois Leclerc. Et alors que toute son opposition \u00e0 droite pointe la responsabilit\u00e9 du maire de Marseille sur les questions de s\u00e9curit\u00e9 et d&rsquo;immigration, Beno\u00eet Payan demande des comptes \u00e0 l&rsquo;\u00c9tat, premier comp\u00e9tent sur ces sujets.<\/p>\n","protected":false},"excerpt":{"rendered":"Payan interpelle Retailleau Beno\u00eet Payan et Bruno Retailleau n&rsquo;ont pas vraiment eu le temps de se parler mardi&hellip;\n","protected":false},"author":2,"featured_media":368898,"comment_status":"","ping_status":"","sticky":false,"template":"","format":"standard","meta":{"footnotes":""},"categories":[2814],"tags":[17,1111,11,2826,1777,674,1011,27,9817,151,884,12,19988,882,16,25,3229,3356],"class_list":{"0":"post-368897","1":"post","2":"type-post","3":"status-publish","4":"format-standard","5":"has-post-thumbnail","7":"category-marseille","8":"tag-17","9":"tag-actu","10":"tag-actualites","11":"tag-confidentiels","12":"tag-eu","13":"tag-europe","14":"tag-fr","15":"tag-france","16":"tag-interpelle","17":"tag-les","18":"tag-marseille","19":"tag-news","20":"tag-payan","21":"tag-provence-alpes-cote-dazur","22":"tag-region","23":"tag-republique-francaise","24":"tag-retailleau","25":"tag-sur"},"share_on_mastodon":{"url":"https:\/\/pubeurope.com\/@fr\/115153365069969662","error":""},"_links":{"self":[{"href":"https:\/\/www.europesays.com\/fr\/wp-json\/wp\/v2\/posts\/368897","targetHints":{"allow":["GET"]}}],"collection":[{"href":"https:\/\/www.europesays.com\/fr\/wp-json\/wp\/v2\/posts"}],"about":[{"href":"https:\/\/www.europesays.com\/fr\/wp-json\/wp\/v2\/types\/post"}],"author":[{"embeddable":true,"href":"https:\/\/www.europesays.com\/fr\/wp-json\/wp\/v2\/users\/2"}],"replies":[{"embeddable":true,"href":"https:\/\/www.europesays.com\/fr\/wp-json\/wp\/v2\/comments?post=368897"}],"version-history":[{"count":0,"href":"https:\/\/www.europesays.com\/fr\/wp-json\/wp\/v2\/posts\/368897\/revisions"}],"wp:featuredmedia":[{"embeddable":true,"href":"https:\/\/www.europesays.com\/fr\/wp-json\/wp\/v2\/media\/368898"}],"wp:attachment":[{"href":"https:\/\/www.europesays.com\/fr\/wp-json\/wp\/v2\/media?parent=368897"}],"wp:term":[{"taxonomy":"category","embeddable":true,"href":"https:\/\/www.europesays.com\/fr\/wp-json\/wp\/v2\/categories?post=368897"},{"taxonomy":"post_tag","embeddable":true,"href":"https:\/\/www.europesays.com\/fr\/wp-json\/wp\/v2\/tags?post=368897"}],"curies":[{"name":"wp","href":"https:\/\/api.w.org\/{rel}","templated":true}]}}