{"id":368899,"date":"2025-09-05T19:34:15","date_gmt":"2025-09-05T19:34:15","guid":{"rendered":"https:\/\/www.europesays.com\/fr\/368899\/"},"modified":"2025-09-05T19:34:15","modified_gmt":"2025-09-05T19:34:15","slug":"colere-des-habitants-et-des-professionnels","status":"publish","type":"post","link":"https:\/\/www.europesays.com\/fr\/368899\/","title":{"rendered":"col\u00e8re des habitants et des professionnels &#8211;"},"content":{"rendered":"<p>\t\t\t\t<img fetchpriority=\"high\" decoding=\"async\" width=\"900\" height=\"603\" src=\"https:\/\/www.europesays.com\/fr\/wp-content\/uploads\/2025\/09\/IMG_6338.jpg\" alt=\"\" title=\"Mont\u00e9e de Choulans\"   class=\"wp-image-164037\"\/><\/p>\n<p><strong>Texte\u00a0: Margaux Nourry \u2013 <\/strong>On dit qu\u2019apr\u00e8s la pluie, vient le beau temps mais dans le cas de Lyon, seulement des jours sombres s\u2019annoncent, et \u00e7a dure depuis cinq ans. Le fl\u00e9au qui immobilise la Presqu\u2019\u00eele n\u2019\u00e9pargne aucun arrondissement.<\/p>\n<p>Et l\u2019un des quartiers les plus impact\u00e9s est Saint-Just, qui se retrouve clo\u00eetr\u00e9 sur sa colline. Avec pour seule issue vers la Presqu\u2019\u00eele la mont\u00e9e de Choulans, \u00e0 la suite de la fermeture d\u00e9finitive (comprendre\u00a0: jusqu\u2019en mars 2026, ndlr) de la mont\u00e9e du Chemin-Neuf.<\/p>\n<p>S\u2019ajoute \u00e0 cela la mise en place d\u2019une \u00e9cluse rue de Trion \u2013 heureusement celle de la rue Radisson a \u00e9t\u00e9 supprim\u00e9e et le double-sens de la rue de l\u2019Antiquaille r\u00e9tabli. Et si les habitants r\u00e9ussissent \u00e0 descendre de la colline, ils se retrouvent confront\u00e9s\u2026 aux bouchons des quais de Sa\u00f4ne.<\/p>\n<p><strong>Un casse-t\u00eate sans fin pour l\u2019association d\u2019aide \u00e0 la personne Maxi Aide dont le si\u00e8ge est situ\u00e9 \u00e0 Saint-Just.<\/strong><\/p>\n<p><a href=\"https:\/\/www.lyonpeople.com\/?attachment_id=164039\" rel=\"attachment wp-att-164039 nofollow noopener\" target=\"_blank\"><img loading=\"lazy\" decoding=\"async\" class=\"alignnone size-full wp-image-164039\" src=\"data:image\/svg+xml,%3Csvg%20xmlns=\" http:=\"\" alt=\"\" width=\"900\" height=\"605\" data-lazy- data-lazy- data-lazy-src=\"https:\/\/www.europesays.com\/fr\/wp-content\/uploads\/2025\/09\/IMG_6347.jpg\"\/><\/a><\/p>\n<p>Depuis 70 ans, celle-ci apporte du soutien \u00e0 pr\u00e8s de 1 300 personnes en situation de handicap dans la m\u00e9tropole lyonnaise, avec la vocation de briser l\u2019isolement de ces b\u00e9n\u00e9ficiaires dont la moyenne d\u2019\u00e2ge est de 80 ans.<\/p>\n<p>Pour cela, des auxiliaires de vie arpentent la m\u00e9tropole de long en large pour visiter plusieurs b\u00e9n\u00e9ficiaires par jour. Pour couvrir l\u2019ensemble du territoire, Maxi Aide comprend plusieurs antennes \u00e0 Irigny, la Duch\u00e8re, Saint-Cyr-au-Mont-d\u2019Or, Rillieux-la-Pape et un si\u00e8ge \u00e0 Saint-Just donc.<\/p>\n<p><strong>Et le probl\u00e8me est le m\u00eame partout\u00a0: ce personnel, plus qu\u2019indispensable, se retrouve coinc\u00e9 dans les bouchons interminables de Lyon.<\/strong><\/p>\n<p><a href=\"https:\/\/www.lyonpeople.com\/?attachment_id=164041\" rel=\"attachment wp-att-164041 nofollow noopener\" target=\"_blank\"><img loading=\"lazy\" decoding=\"async\" aria-describedby=\"caption-attachment-164041\" class=\"size-full wp-image-164041\" src=\"data:image\/svg+xml,%3Csvg%20xmlns=\" http:=\"\" alt=\"\" width=\"900\" height=\"565\" data-lazy- data-lazy- data-lazy-src=\"https:\/\/www.europesays.com\/fr\/wp-content\/uploads\/2025\/09\/IMG_6220.jpg\"\/><\/a><\/p>\n<p id=\"caption-attachment-164041\" class=\"wp-caption-text\">Si quelques automobilistes osent emprunter la mont\u00e9e du Chemin Neuf \u00e0 leurs risques et p\u00e9rils, l\u2019axe est aujourd\u2019hui abandonn\u00e9 aux cyclistes.<\/p>\n<p>Et confront\u00e9 aux travaux, \u00e0 la ZFE, \u00e0 la ZTL, au manque de place\u2026 Ils pourraient se replier sur les transports en commun mais c\u2019est sans compter les pannes ou interruptions quasi quotidiennes du r\u00e9seau et \u00ab\u00a0les probl\u00e8mes de s\u00e9curit\u00e9\u00a0\u00bb, rapporte <strong>Fr\u00e9d\u00e9ric Kost-Hernandez<\/strong>, directeur g\u00e9n\u00e9ral de Maxi Aide Grand Lyon.<\/p>\n<p>Tout cela augmente consid\u00e9rablement les temps de trajet tout en diminuant, logiquement, le temps de travail disponible sur place.<\/p>\n<p><strong>Pire encore, certaines auxiliaires refusent m\u00eame de se rendre dans certains secteurs \u2013 on ne peut pas leur en vouloir.<\/strong><\/p>\n<p><a href=\"https:\/\/www.lyonpeople.com\/?attachment_id=164042\" rel=\"attachment wp-att-164042 nofollow noopener\" target=\"_blank\"><img loading=\"lazy\" decoding=\"async\" aria-describedby=\"caption-attachment-164042\" class=\"size-full wp-image-164042\" src=\"data:image\/svg+xml,%3Csvg%20xmlns=\" http:=\"\" alt=\"\" width=\"900\" height=\"593\" data-lazy- data-lazy- data-lazy-src=\"https:\/\/www.europesays.com\/fr\/wp-content\/uploads\/2025\/09\/IMG_6352.jpg\"\/><\/a><\/p>\n<p id=\"caption-attachment-164042\" class=\"wp-caption-text\">Les \u00e9cologistes ont trouv\u00e9 bon d\u2019installer une \u00e9cluse sur la rue de Trion. R\u00e9sultat bon nombre d\u2019automobilistes pr\u00e9f\u00e8rent abandonner l\u2019axe au profit de la rue Saint-Alexandre<\/p>\n<p>Concernant la ZFE, l\u2019association a financ\u00e9, sans plus aucune subvention de la Ville, l\u2019\u00e9quipement de voitures \u00e9lectriques mais l\u2019autonomie de celles-ci n\u2019est pas adapt\u00e9e aux besoins des auxiliaires. Alors rien n\u2019y fait. Cons\u00e9quence\u00a0: Maxi Aide n\u2019arrive plus \u00e0 remplir sa mission premi\u00e8re.<\/p>\n<p>\u00ab\u00a0Et cela se fait au d\u00e9triment des b\u00e9n\u00e9ficiaires\u00a0\u00bb, poursuit le directeur g\u00e9n\u00e9ral. \u00ab\u00a0On se retrouve \u00e0 privil\u00e9gier les b\u00e9n\u00e9ficiaires que l\u2019on a d\u00e9j\u00e0 plut\u00f4t que les nouveaux. Il y a une qualit\u00e9 de service \u00e0 pr\u00e9server\u00a0\u00bb, pr\u00e9cise <strong>Jean-Paul Lecomte<\/strong>, pr\u00e9sident de Maxi Aide Grand Lyon.<\/p>\n<p><strong>\u00a0\u00ab Ce sont les gens de la plaine qui gouvernent \u00bb, ajoute le dirigeant.<\/strong><\/p>\n<p>Et c\u2019est bien ce sentiment de ras-le-bol qui est commun \u00e0 l\u2019ensemble du 5e arrondissement et m\u00eame de la m\u00e9tropole. \u00ab\u00a0Cela oppose les mobilit\u00e9s au lieu de les combiner. C\u2019est de l\u2019\u00e9cologie punitive\u00a0\u00bb, constate <strong>Guillaume Dor\u00e9<\/strong>, associ\u00e9 dans le groupe de conseil Alturion<strong>.<\/strong><\/p>\n<p>Un point de vue partag\u00e9 par <strong>Didier Gross<\/strong>, vice-pr\u00e9sident de l\u2019association \u00ab\u00a0Touche pas \u00e0 Saint-Just et \u00e0 ma colline\u00a0\u00bb, dans une lettre ouverte \u00e0 la M\u00e9tropole au sujet de la Voie Lyonnaise 12 : \u00ab\u00a0Monsieur Bagnon, il y a un probl\u00e8me\u2026 Il ne vient pas de vos convictions ou de vos id\u00e9es [mais] des m\u00e9thodes employ\u00e9es, des concertations factices ou \u00e0 sens unique, de l\u2019absence g\u00e9n\u00e9ralis\u00e9e d\u2019\u00e9tudes et de simulations globales.\u00a0\u00bb<\/p>\n<p><a href=\"https:\/\/www.lyonpeople.com\/?attachment_id=164043\" rel=\"attachment wp-att-164043 nofollow noopener\" target=\"_blank\"><img loading=\"lazy\" decoding=\"async\" aria-describedby=\"caption-attachment-164043\" class=\"size-full wp-image-164043\" src=\"data:image\/svg+xml,%3Csvg%20xmlns=\" http:=\"\" alt=\"\" width=\"900\" height=\"675\" data-lazy- data-lazy- data-lazy-src=\"https:\/\/www.europesays.com\/fr\/wp-content\/uploads\/2025\/09\/IMG_6234.jpg\"\/><\/a><\/p>\n<p id=\"caption-attachment-164043\" class=\"wp-caption-text\">Des rues vides, tel est le constat de la politique \u00e9cologiste.<\/p>\n<p><strong>Dirigeant d\u2019association, commer\u00e7ant, riverain\u2026 Tous d\u00e9noncent la m\u00eame chose\u00a0: la mauvaise ex\u00e9cution.<\/strong><\/p>\n<p>\u00ab\u00a0Quand on prend une d\u00e9cision, il faut peser le pour et le contre, se projeter vers l\u2019avenir mais ici, la d\u00e9cision a \u00e9t\u00e9 prise comme \u00e7a\u00a0\u00bb, d\u00e9nonce Jean-Pierre Lecomte, tandis que Guillaume Dor\u00e9 et Fr\u00e9d\u00e9ric Kost-Hernandez appellent \u00e0 \u00ab\u00a0de vraies concertations et du dialogue\u00a0\u00bb.<\/p>\n<p>Pour tous, l\u2019id\u00e9e n\u2019est pas d\u2019\u00eatre contre le fond\u00a0: \u00ab\u00a0Les voies lyonnaises, comme la ZTL, ne sont pas des mauvaises id\u00e9es. C\u2019est leur ex\u00e9cution qui est mauvaise.\u00a0Il faut \u00e9tudier, planifier, expliquer\u00a0\u00bb, souligne le vice-pr\u00e9sident de Touche pas \u00e0 Saint-Juste et \u00e0 ma colline.<\/p>\n<p><strong>\u00ab\u00a0Vite fait, mal fait\u00a0\u00bb\u00a0: cela vous survivra. Comme une triste devise de l\u2019\u00e9cologie \u00e0 Lyon \u00bb, poursuit Didier Gross<\/strong><\/p>\n<p>Alors place \u00e0 la mobilisation pour \u00e9viter que Lyon ne devienne une ville fant\u00f4me et ne perde de son rayonnement. Il est temps de faire front \u00ab\u00a0face \u00e0 un ennemi commun\u00a0\u00bb. \u00ab\u00a0Une seule t\u00eate doit y aller pour vaincre. Ce n\u2019est pas l\u2019\u00e9tiquette, c\u2019est l\u2019homme qui compte\u00a0\u00bb, conclut Fr\u00e9d\u00e9ric Kost-Hernandez.<\/p>\n<p>\u00a0<\/p>\n","protected":false},"excerpt":{"rendered":"Texte\u00a0: Margaux Nourry \u2013 On dit qu\u2019apr\u00e8s la pluie, vient le beau temps mais dans le cas de&hellip;\n","protected":false},"author":2,"featured_media":368900,"comment_status":"","ping_status":"","sticky":false,"template":"","format":"standard","meta":{"footnotes":""},"categories":[1889],"tags":[4257,328,1111,47,4258,11,2430,1777,674,1011,27,2428,12,25,5291],"class_list":{"0":"post-368899","1":"post","2":"type-post","3":"status-publish","4":"format-standard","5":"has-post-thumbnail","7":"category-lyon","8":"tag-0top","9":"tag-a-la-une","10":"tag-actu","11":"tag-actualite","12":"tag-actualite-lyon","13":"tag-actualites","14":"tag-auvergne-rhone-alpes","15":"tag-eu","16":"tag-europe","17":"tag-fr","18":"tag-france","19":"tag-lyon","20":"tag-news","21":"tag-republique-francaise","22":"tag-saint-just"},"share_on_mastodon":{"url":"https:\/\/pubeurope.com\/@fr\/115153369172078118","error":""},"_links":{"self":[{"href":"https:\/\/www.europesays.com\/fr\/wp-json\/wp\/v2\/posts\/368899","targetHints":{"allow":["GET"]}}],"collection":[{"href":"https:\/\/www.europesays.com\/fr\/wp-json\/wp\/v2\/posts"}],"about":[{"href":"https:\/\/www.europesays.com\/fr\/wp-json\/wp\/v2\/types\/post"}],"author":[{"embeddable":true,"href":"https:\/\/www.europesays.com\/fr\/wp-json\/wp\/v2\/users\/2"}],"replies":[{"embeddable":true,"href":"https:\/\/www.europesays.com\/fr\/wp-json\/wp\/v2\/comments?post=368899"}],"version-history":[{"count":0,"href":"https:\/\/www.europesays.com\/fr\/wp-json\/wp\/v2\/posts\/368899\/revisions"}],"wp:featuredmedia":[{"embeddable":true,"href":"https:\/\/www.europesays.com\/fr\/wp-json\/wp\/v2\/media\/368900"}],"wp:attachment":[{"href":"https:\/\/www.europesays.com\/fr\/wp-json\/wp\/v2\/media?parent=368899"}],"wp:term":[{"taxonomy":"category","embeddable":true,"href":"https:\/\/www.europesays.com\/fr\/wp-json\/wp\/v2\/categories?post=368899"},{"taxonomy":"post_tag","embeddable":true,"href":"https:\/\/www.europesays.com\/fr\/wp-json\/wp\/v2\/tags?post=368899"}],"curies":[{"name":"wp","href":"https:\/\/api.w.org\/{rel}","templated":true}]}}