{"id":368911,"date":"2025-09-05T19:40:12","date_gmt":"2025-09-05T19:40:12","guid":{"rendered":"https:\/\/www.europesays.com\/fr\/368911\/"},"modified":"2025-09-05T19:40:12","modified_gmt":"2025-09-05T19:40:12","slug":"quinte-du-samedi-6-septembre-2025-a-vincennes-les-pronostics","status":"publish","type":"post","link":"https:\/\/www.europesays.com\/fr\/368911\/","title":{"rendered":"Quint\u00e9 du samedi 6 septembre 2025 \u00e0 Vincennes : les pronostics"},"content":{"rendered":"<p class=\"article-p mdl\">Retrouvez les pronostics de Dominique Cordier pour le Quint\u00e9 du samedi 6 septembre 2025 \u00e0 Vincennes, le Prix du Mont Saint-Michel. <strong>D\u00e9part \u00e0 15h15. 16 partants. <\/strong>Trot attel\u00e9. 2.700 m\u00e8tres. Grande piste. Trotteurs de 7 \u00e0 11 ans.&#13;<\/p>\n<p class=\"article-p mdl\">Belle course, ouverte comme on les aime, c\u2019est-\u00e0-dire pas tant que \u00e7a.&#13;<\/p>\n<p class=\"article-p mdl\">Bien s\u00fbr, il y a les trois favoris que l\u2019on retrouvera sur tous les tickets, le <strong>5 Iguane du Caponet<\/strong>, qui tente une jolie passe de cinq, le <strong>14 In Red,<\/strong> tomb\u00e9 sur un os en dernier lieu, et le<strong> 7 Infiniment Citron<\/strong>, en plein progr\u00e8s ces derniers temps.&#13;<\/p>\n<p class=\"article-p mdl\">Le <strong>15 Iacynthe Didjeap<\/strong>, avec Eric Raffin, peut pr\u00e9tendre donner du fil \u00e0 retordre \u00e0 ces trois-l\u00e0, tandis que le <strong>12 Hardi Crown<\/strong>, leur a\u00een\u00e9 d\u2019un an, est capable de tout dans cette cat\u00e9gorie.&#13;<\/p>\n<p class=\"article-p mdl\">L\u2019outsider de RTL, le <strong>10 Honey King<\/strong>, est d\u00e9ferr\u00e9 ici. Il ne manque pas de tenue, plut\u00f4t de maniabilit\u00e9. Confi\u00e9 \u00e0 Fran\u00e7ois Lagadeuc, il peut faire parler de lui s\u2019il reste au trot.<\/p>\n<p>            Les pronostics :<\/p>\n<p class=\"article-p mdl\">5. Iguane du Caponet&#13;<br \/>14. In Red&#13;<br \/>7. Infiniment Citron&#13;<br \/>15. Iacynthe Didjeap&#13;<br \/>12. Hardi Crown&#13;<br \/>10. Honey King&#13;<br \/>9. Himberland\n<\/p>\n<p>            L&rsquo;outsider de RTL<\/p>\n<p class=\"article-p mdl\">10. Honey King<\/p>\n<p>            R\u00e9sultats du jeudi 4 septembre 2025 \u00e0 Longchamp<\/p>\n<p class=\"article-p mdl\">C\u2019\u00e9tait un quint\u00e9 pour les derviches tourneurs&#8230; Pas de gagnant dans l\u2019ordre, une soixantaine dans le d\u00e9sordre. Le favori de RTL est 13e, derri\u00e8re l\u2019outsider de RTL, 11e.<\/p>\n<p>    La r\u00e9daction vous recommande<\/p>\n<p class=\"s-newsletter__title\">\n                L\u2019actualit\u00e9 par la r\u00e9daction de RTL dans votre bo\u00eete mail.\n            <\/p>\n<p class=\"s-newsletter__subtitle\">\n                Gr\u00e2ce \u00e0 votre compte RTL abonnez-vous \u00e0 la newsletter RTL info pour suivre toute l&rsquo;actualit\u00e9 au quotidien\n            <\/p>\n<p>\n                                    Lire la suite\n                                <\/p>\n","protected":false},"excerpt":{"rendered":"Retrouvez les pronostics de Dominique Cordier pour le Quint\u00e9 du samedi 6 septembre 2025 \u00e0 Vincennes, le Prix&hellip;\n","protected":false},"author":2,"featured_media":3836,"comment_status":"","ping_status":"","sticky":false,"template":"","format":"standard","meta":{"footnotes":""},"categories":[1888],"tags":[11,2621,2622,1777,674,107,2619,1011,27,12,626,2623,25],"class_list":{"0":"post-368911","1":"post","2":"type-post","3":"status-publish","4":"format-standard","5":"has-post-thumbnail","7":"category-paris","8":"tag-actualites","9":"tag-chevaux","10":"tag-courses","11":"tag-eu","12":"tag-europe","13":"tag-fil-info","14":"tag-fil-sport","15":"tag-fr","16":"tag-france","17":"tag-news","18":"tag-paris","19":"tag-quinte","20":"tag-republique-francaise"},"share_on_mastodon":{"url":"https:\/\/pubeurope.com\/@fr\/115153392382148200","error":""},"_links":{"self":[{"href":"https:\/\/www.europesays.com\/fr\/wp-json\/wp\/v2\/posts\/368911","targetHints":{"allow":["GET"]}}],"collection":[{"href":"https:\/\/www.europesays.com\/fr\/wp-json\/wp\/v2\/posts"}],"about":[{"href":"https:\/\/www.europesays.com\/fr\/wp-json\/wp\/v2\/types\/post"}],"author":[{"embeddable":true,"href":"https:\/\/www.europesays.com\/fr\/wp-json\/wp\/v2\/users\/2"}],"replies":[{"embeddable":true,"href":"https:\/\/www.europesays.com\/fr\/wp-json\/wp\/v2\/comments?post=368911"}],"version-history":[{"count":0,"href":"https:\/\/www.europesays.com\/fr\/wp-json\/wp\/v2\/posts\/368911\/revisions"}],"wp:featuredmedia":[{"embeddable":true,"href":"https:\/\/www.europesays.com\/fr\/wp-json\/wp\/v2\/media\/3836"}],"wp:attachment":[{"href":"https:\/\/www.europesays.com\/fr\/wp-json\/wp\/v2\/media?parent=368911"}],"wp:term":[{"taxonomy":"category","embeddable":true,"href":"https:\/\/www.europesays.com\/fr\/wp-json\/wp\/v2\/categories?post=368911"},{"taxonomy":"post_tag","embeddable":true,"href":"https:\/\/www.europesays.com\/fr\/wp-json\/wp\/v2\/tags?post=368911"}],"curies":[{"name":"wp","href":"https:\/\/api.w.org\/{rel}","templated":true}]}}