{"id":368916,"date":"2025-09-05T19:43:09","date_gmt":"2025-09-05T19:43:09","guid":{"rendered":"https:\/\/www.europesays.com\/fr\/368916\/"},"modified":"2025-09-05T19:43:09","modified_gmt":"2025-09-05T19:43:09","slug":"france-les-compositions-officielles","status":"publish","type":"post","link":"https:\/\/www.europesays.com\/fr\/368916\/","title":{"rendered":"France : les compositions officielles"},"content":{"rendered":"<p>C\u2019est la rentr\u00e9e ! Les Bleus d\u00e9fient l\u2019Ukraine pour entamer leur campagne d\u2019\u00e9liminatoires pour la Coupe du monde 2026, <a href=\"https:\/\/www.footmercato.net\/live\/6706896721519021159-ukraine-vs-france\" rel=\"nofollow noopener\" target=\"_blank\">un match \u00e0 suivre en direct comment\u00e9 sur notre site<\/a>. Apr\u00e8s leur demi-finale de Ligue des nations, les hommes de Didier Deschamps voudront s\u2019imposer pour engranger de la confiance et prendre de l\u2019avance dans ce groupe D, \u00e9galement compos\u00e9 de l\u2019Islande et l\u2019Azerba\u00efdjan. <\/p>\n<p>            La suite apr\u00e8s cette publicit\u00e9<\/p>\n<p>Pour ce faire, le technicien fran\u00e7ais a align\u00e9 un 4-2-3-1 avec Kylian Mbapp\u00e9 en pointe \u00e9paul\u00e9 par D\u00e9sir\u00e9 Dou\u00e9, Michael Olise et Bradley Barcola. Avec l\u2019absence de Saliba, la charni\u00e8re est compos\u00e9e d\u2019Upamecano et Konat\u00e9 avec Digne et Kound\u00e9 sur les c\u00f4t\u00e9s. Quant \u00e0 l\u2019Ukraine, le Parisien, Zabarnyi est titulaire en d\u00e9fense.<\/p>\n<p>        Les compositions officielles :<\/p>\n<p><strong>Ukraine :<\/strong> Trubin &#8211; Konoplya, Matviienko, Zabarnyi, Zinchenko &#8211; Zubkov, Yarmolyuk, Sudakov, Hutsulyak, Kalyuzhnyi &#8211; Dovbyk.<\/p>\n<p>            La suite apr\u00e8s cette publicit\u00e9<\/p>\n<p><strong>France :<\/strong> Maignan &#8211; Kound\u00e9, Upamecano, Konat\u00e9, Digne &#8211; Tchouam\u00e9ni, Kon\u00e9 &#8211; Dou\u00e9, Olise, Barcola &#8211; Mbapp\u00e9.<\/p>\n<p>\n    Pub. le 05\/09\/2025 19:36<br \/>\n            &#8211; MAJ le 05\/09\/2025 21:06\n    <\/p>\n","protected":false},"excerpt":{"rendered":"C\u2019est la rentr\u00e9e ! Les Bleus d\u00e9fient l\u2019Ukraine pour entamer leur campagne d\u2019\u00e9liminatoires pour la Coupe du monde&hellip;\n","protected":false},"author":2,"featured_media":135777,"comment_status":"","ping_status":"","sticky":false,"template":"","format":"standard","meta":{"footnotes":""},"categories":[1590],"tags":[11,1777,674,12,220],"class_list":{"0":"post-368916","1":"post","2":"type-post","3":"status-publish","4":"format-standard","5":"has-post-thumbnail","7":"category-ukraine","8":"tag-actualites","9":"tag-eu","10":"tag-europe","11":"tag-news","12":"tag-ukraine"},"share_on_mastodon":{"url":"https:\/\/pubeurope.com\/@fr\/115153404275664699","error":""},"_links":{"self":[{"href":"https:\/\/www.europesays.com\/fr\/wp-json\/wp\/v2\/posts\/368916","targetHints":{"allow":["GET"]}}],"collection":[{"href":"https:\/\/www.europesays.com\/fr\/wp-json\/wp\/v2\/posts"}],"about":[{"href":"https:\/\/www.europesays.com\/fr\/wp-json\/wp\/v2\/types\/post"}],"author":[{"embeddable":true,"href":"https:\/\/www.europesays.com\/fr\/wp-json\/wp\/v2\/users\/2"}],"replies":[{"embeddable":true,"href":"https:\/\/www.europesays.com\/fr\/wp-json\/wp\/v2\/comments?post=368916"}],"version-history":[{"count":0,"href":"https:\/\/www.europesays.com\/fr\/wp-json\/wp\/v2\/posts\/368916\/revisions"}],"wp:featuredmedia":[{"embeddable":true,"href":"https:\/\/www.europesays.com\/fr\/wp-json\/wp\/v2\/media\/135777"}],"wp:attachment":[{"href":"https:\/\/www.europesays.com\/fr\/wp-json\/wp\/v2\/media?parent=368916"}],"wp:term":[{"taxonomy":"category","embeddable":true,"href":"https:\/\/www.europesays.com\/fr\/wp-json\/wp\/v2\/categories?post=368916"},{"taxonomy":"post_tag","embeddable":true,"href":"https:\/\/www.europesays.com\/fr\/wp-json\/wp\/v2\/tags?post=368916"}],"curies":[{"name":"wp","href":"https:\/\/api.w.org\/{rel}","templated":true}]}}