{"id":368919,"date":"2025-09-05T19:45:15","date_gmt":"2025-09-05T19:45:15","guid":{"rendered":"https:\/\/www.europesays.com\/fr\/368919\/"},"modified":"2025-09-05T19:45:15","modified_gmt":"2025-09-05T19:45:15","slug":"royaume-uni-remaniement-gouvernemental-de-keir-starmer","status":"publish","type":"post","link":"https:\/\/www.europesays.com\/fr\/368919\/","title":{"rendered":"Royaume-Uni: remaniement gouvernemental de Keir Starmer"},"content":{"rendered":"<p>Politique au Royaume-Uni \u2013 <\/p>\n<p>Remaniement gouvernemental apr\u00e8s la d\u00e9mission d\u2019Angela Rayner<\/p>\n<p class=\"ContentHead_lead____SsS link_regular__O0hk0 link_externalicon-big__ZdPgo link_externalicon__qcwXs\">Le Premier ministre Keir Starmer r\u00e9organise son cabinet \u00e0 la suite du d\u00e9part forc\u00e9 de sa vice-Premi\u00e8re ministre. Cette crise survient alors que les travaillistes sont d\u00e9sormais devanc\u00e9s dans les sondages.<\/p>\n<p>Publi\u00e9 aujourd\u2019hui \u00e0 21h43<\/p>\n<p><img decoding=\"async\" loading=\"eager\" fetchpriority=\"high\" src=\"https:\/\/www.europesays.com\/fr\/wp-content\/uploads\/2025\/09\/3ArGnARJ43iAZKsACagGjV.jpg\" alt=\"Le Premier ministre britannique Keir Starmer parle lors de la session hebdomadaire des Questions au Premier ministre au Parlement britannique, le 3 septembre 2025.\" title=\"Le Premier ministre britannique Keir Starmer parle lors de la session hebdomadaire des Questions au Premier ministre au Parlement britannique, le 3 septembre 2025.\" class=\"ResponsiveImage_root__ZDz10 responsive-image\" style=\"background-color:#865E4D\"\/><\/p>\n<p>Le Premier ministre britannique Keir Starmer.<\/p>\n<p>House of Commons\/AFP<\/p>\n<p>Abonnez-vous d\u00e8s maintenant et profitez de la fonction de lecture audio.<a href=\"https:\/\/bottalk.io\/\" class=\"BottalkPaywall_bottalklink__KDtuf\" target=\"_blank\" rel=\"noreferrer nofollow noopener\">BotTalk<\/a><\/p>\n<p class=\"ArticleParagraph_root__lhFZo ArticleContainer_content-width__FRl7F link_focus__0ZMwx link_externalicon-big__ZdPgo link_externalicon__qcwXs ArticleElement_article-element__q93eL\">Le chef du gouvernement britannique Keir Starmer, en difficult\u00e9 sur de nombreux fronts, a remani\u00e9 son ex\u00e9cutif vendredi dans la foul\u00e9e de <a class=\"HtmlText_root__A1OSq\" href=\"https:\/\/www.tdg.ch\/royaume-uni-la-vice-premiere-ministre-demissionne-758016391066\" rel=\"nofollow noopener\" target=\"_blank\">la d\u00e9mission de sa vice-Premi\u00e8re ministre<\/a>, emport\u00e9e par une erreur fiscale.<\/p>\n<p class=\"ArticleParagraph_root__lhFZo ArticleContainer_content-width__FRl7F link_focus__0ZMwx link_externalicon-big__ZdPgo link_externalicon__qcwXs ArticleElement_article-element__q93eL\">Aux postes cl\u00e9s, la ministre britannique de l\u2019Int\u00e9rieur Yvette Cooper a \u00e9t\u00e9 nomm\u00e9e ministre des Affaires \u00e9trang\u00e8res, succ\u00e9dant \u00e0 David Lammy, qui passe \u00e0 la Justice et devient vice-Premier ministre en remplacement d\u2019Angela Rayner.<\/p>\n<p class=\"ArticleParagraph_root__lhFZo ArticleContainer_content-width__FRl7F link_focus__0ZMwx link_externalicon-big__ZdPgo link_externalicon__qcwXs ArticleElement_article-element__q93eL\">Le tr\u00e8s sensible dossier migratoire revient \u00e0 Shabana Mahmood, qui quitte le Minist\u00e8re de la justice pour le Home Office \u00e0 la place d\u2019Yvette Cooper.<\/p>\n<p>D\u00e9mission d\u2019Angela Rayner<\/p>\n<p class=\"ArticleParagraph_root__lhFZo ArticleContainer_content-width__FRl7F link_focus__0ZMwx link_externalicon-big__ZdPgo link_externalicon__qcwXs ArticleElement_article-element__q93eL\">Ces changements, qui consistent principalement en un jeu de chaises musicales, interviennent plus d\u2019un an apr\u00e8s l\u2019arriv\u00e9e\u00a0au pouvoir des travaillistes, actuellement \u00e0 la peine et d\u00e9pass\u00e9s dans les sondages par le parti anti-immigration de Nigel Farage, Reform UK.<\/p>\n<p class=\"ArticleParagraph_root__lhFZo ArticleContainer_content-width__FRl7F link_focus__0ZMwx link_externalicon-big__ZdPgo link_externalicon__qcwXs ArticleElement_article-element__q93eL\">La d\u00e9mission d\u2019Angela Rayner, sa vice-Premi\u00e8re ministre, ministre du Logement, figure de l\u2019aile gauche du Labour et jusqu\u2019ici num\u00e9ro deux de ce parti, un v\u00e9ritable coup dur pour Keir Starmer, l\u2019a contraint \u00e0 acc\u00e9l\u00e9rer le tempo.<\/p>\n<p class=\"ArticleParagraph_root__lhFZo ArticleContainer_content-width__FRl7F link_focus__0ZMwx link_externalicon-big__ZdPgo link_externalicon__qcwXs ArticleElement_article-element__q93eL\">Elle a d\u00fb quitter le gouvernement et ses fonctions au sein du Labour apr\u00e8s avoir reconnu avoir sous-pay\u00e9 un imp\u00f4t quand elle a achet\u00e9 son logement.<\/p>\n<p>Remaniement et changements de postes<\/p>\n<p class=\"ArticleParagraph_root__lhFZo ArticleContainer_content-width__FRl7F link_focus__0ZMwx link_externalicon-big__ZdPgo link_externalicon__qcwXs ArticleElement_article-element__q93eL\">Outre trois d\u00e9parts, douze ministres ont chang\u00e9 de poste. Parmi eux, Pat McFadden, le ministre responsable de la supervision de l\u2019action du gouvernement, prend le portefeuille du Travail, et Peter Kyle devient ministre du Commerce. Deux postes-cl\u00e9s au moment o\u00f9 le gouvernement s\u2019efforce p\u00e9niblement de relancer l\u2019activit\u00e9 \u00e9conomique. La ministre des Finances Rachel Reeves, critiqu\u00e9e depuis des mois, a quant \u00e0 elle sauv\u00e9 sa t\u00eate.<\/p>\n<p class=\"ArticleParagraph_root__lhFZo ArticleContainer_content-width__FRl7F link_focus__0ZMwx link_externalicon-big__ZdPgo link_externalicon__qcwXs ArticleElement_article-element__q93eL\">Cette r\u00e9organisation \u00aben profondeur\u00bb est \u00abun signe clair du fait que le Premier ministre reconna\u00eet que les r\u00e9sultats du gouvernement travailliste au cours de sa premi\u00e8re ann\u00e9e ont \u00e9t\u00e9 insatisfaisants\u00bb, a comment\u00e9 Patrick Diamond, ancien conseiller \u00e0 Downing Street, interrog\u00e9 par l\u2019AFP.<\/p>\n<p class=\"ArticleParagraph_root__lhFZo ArticleContainer_content-width__FRl7F link_focus__0ZMwx link_externalicon-big__ZdPgo link_externalicon__qcwXs ArticleElement_article-element__q93eL\">Mais \u00ables r\u00e9percussions de la d\u00e9mission d\u2019Angela Rayner, notamment l\u2019\u00e9lection d\u2019un nouveau vice-pr\u00e9sident du parti travailliste, pourraient bien cr\u00e9er de nouvelles turbulences\u00bb, a-t-il averti.<\/p>\n<p>Opposition au Royaume-Uni<\/p>\n<p class=\"ArticleParagraph_root__lhFZo ArticleContainer_content-width__FRl7F link_focus__0ZMwx link_externalicon-big__ZdPgo link_externalicon__qcwXs ArticleElement_article-element__q93eL\">La cheffe de l\u2019opposition conservatrice Kemi Badenoch s\u2019est r\u00e9jouie sur X qu\u2019Angela Rayner soit \u00abenfin partie\u00bb, accusant le chef du gouvernement de \u00abfaiblesse\u00bb pour ne pas avoir agi d\u00e8s les premi\u00e8res r\u00e9v\u00e9lations.\u00a0<\/p>\n<p class=\"EmbedBlocker_hint__uEF_d\">\u00c0 ce stade, vous trouverez des contenus externes suppl\u00e9mentaires. Si vous acceptez que des cookies soient plac\u00e9s par des fournisseurs externes et que des donn\u00e9es personnelles soient ainsi transmises \u00e0 ces derniers, vous devez autoriser tous les cookies et afficher directement le contenu externe.<\/p>\n<p>Autoriser les cookiesPlus d&rsquo;infos<\/p>\n<p class=\"ArticleParagraph_root__lhFZo ArticleContainer_content-width__FRl7F link_focus__0ZMwx link_externalicon-big__ZdPgo link_externalicon__qcwXs ArticleElement_article-element__q93eL\">Le chef de Reform UK Nigel Farage a quant \u00e0 lui critiqu\u00e9 au cours de la conf\u00e9rence annuelle de son parti \u00e0 Birmingham un gouvernement \u00abqui, malgr\u00e9 toutes ses promesses de mener une politique nouvelle et diff\u00e9rente, est aussi mauvais, voire pire, que celui qui l\u2019a pr\u00e9c\u00e9d\u00e9\u00bb.<\/p>\n<p class=\"ArticleParagraph_root__lhFZo ArticleContainer_content-width__FRl7F link_focus__0ZMwx link_externalicon-big__ZdPgo link_externalicon__qcwXs ArticleElement_article-element__q93eL\">Le gouvernement p\u00e2tit d\u2019une forte impopularit\u00e9 et se retrouve confront\u00e9 \u00e0 des divisions internes, dans un contexte budg\u00e9taire difficile.<\/p>\n<p class=\"ArticleParagraph_root__lhFZo ArticleContainer_content-width__FRl7F link_focus__0ZMwx link_externalicon-big__ZdPgo link_externalicon__qcwXs ArticleElement_article-element__q93eL\">Mi-juillet, il avait fait face \u00e0 une fronde d\u2019un tiers des d\u00e9put\u00e9s travaillistes s\u2019opposant \u00e0 sa r\u00e9forme de la protection sociale et a \u00e9t\u00e9 contraint de r\u00e9trop\u00e9daler pour \u00e9viter une d\u00e9faite humiliante au Parlement.<\/p>\n<p class=\"DynamicTeaser_boxtitle__B6piN\">Gouvernement du Royaume-Uni<\/p>\n<p>Newsletter<\/p>\n<p>\u00abDerni\u00e8res nouvelles\u00bb<\/p>\n<p>Vous voulez rester au top de l\u2019info? \u00abTribune de Gen\u00e8ve\u00bb vous propose deux rendez-vous par jour, directement dans votre bo\u00eete e-mail. Pour ne rien rater de ce qui se passe dans votre canton, en Suisse ou dans le monde.<\/p>\n<p><a class=\"NewsletterBox_more__FNemz link_underlinelink__K5Zr0\" href=\"https:\/\/www.tdg.ch\/nos-newsletters\" rel=\"nofollow noopener\" target=\"_blank\">Autres newsletters<\/a><\/p>\n<p>Se connecter<\/p>\n<p class=\"ArticleContainer_agencies__g6Lpj ArticleContainer_content-width__FRl7F\">AFP<\/p>\n<p class=\"Feedback_root__fr_Mi ArticleContainer_content-width__FRl7F\">Vous avez trouv\u00e9 une erreur?<a href=\"mailto:tes_correction@tamedia.ch?subject=Avis%20d'erreur%20%7C%20Remaniement%20gouvernemental%20apr%C3%A8s%20la%20d%C3%A9mission%20d%E2%80%99Angela%20Rayner&amp;body=J'ai%20trouv%C3%A9%20une%20erreur%20dans%20cet%20article%3A%20https%3A%2F%2Fwww.24heures.ch%2Froyaume-uni-remaniement-gouvernemental-de-keir-starmer-509928398150\" class=\"Feedback_feedbacklink__VyDCi link_underlinelink__K5Zr0\">Merci de nous la signaler.<\/a><\/p>\n<p>0 commentaires<\/p>\n","protected":false},"excerpt":{"rendered":"Politique au Royaume-Uni \u2013 Remaniement gouvernemental apr\u00e8s la d\u00e9mission d\u2019Angela Rayner Le Premier ministre Keir Starmer r\u00e9organise son&hellip;\n","protected":false},"author":2,"featured_media":368920,"comment_status":"","ping_status":"","sticky":false,"template":"","format":"standard","meta":{"footnotes":""},"categories":[1588],"tags":[11,1777,674,12,473,1853,1851,1850,1852],"class_list":{"0":"post-368919","1":"post","2":"type-post","3":"status-publish","4":"format-standard","5":"has-post-thumbnail","7":"category-royaume-uni","8":"tag-actualites","9":"tag-eu","10":"tag-europe","11":"tag-news","12":"tag-royaume-uni","13":"tag-royaume-uni-de-grande-bretagne-et-dirlande-du-nord","14":"tag-uk","15":"tag-united-kingdom","16":"tag-united-kingdom-of-great-britain-and-northern-ireland"},"share_on_mastodon":{"url":"https:\/\/pubeurope.com\/@fr\/115153412023553355","error":""},"_links":{"self":[{"href":"https:\/\/www.europesays.com\/fr\/wp-json\/wp\/v2\/posts\/368919","targetHints":{"allow":["GET"]}}],"collection":[{"href":"https:\/\/www.europesays.com\/fr\/wp-json\/wp\/v2\/posts"}],"about":[{"href":"https:\/\/www.europesays.com\/fr\/wp-json\/wp\/v2\/types\/post"}],"author":[{"embeddable":true,"href":"https:\/\/www.europesays.com\/fr\/wp-json\/wp\/v2\/users\/2"}],"replies":[{"embeddable":true,"href":"https:\/\/www.europesays.com\/fr\/wp-json\/wp\/v2\/comments?post=368919"}],"version-history":[{"count":0,"href":"https:\/\/www.europesays.com\/fr\/wp-json\/wp\/v2\/posts\/368919\/revisions"}],"wp:featuredmedia":[{"embeddable":true,"href":"https:\/\/www.europesays.com\/fr\/wp-json\/wp\/v2\/media\/368920"}],"wp:attachment":[{"href":"https:\/\/www.europesays.com\/fr\/wp-json\/wp\/v2\/media?parent=368919"}],"wp:term":[{"taxonomy":"category","embeddable":true,"href":"https:\/\/www.europesays.com\/fr\/wp-json\/wp\/v2\/categories?post=368919"},{"taxonomy":"post_tag","embeddable":true,"href":"https:\/\/www.europesays.com\/fr\/wp-json\/wp\/v2\/tags?post=368919"}],"curies":[{"name":"wp","href":"https:\/\/api.w.org\/{rel}","templated":true}]}}