{"id":368930,"date":"2025-09-05T19:51:09","date_gmt":"2025-09-05T19:51:09","guid":{"rendered":"https:\/\/www.europesays.com\/fr\/368930\/"},"modified":"2025-09-05T19:51:09","modified_gmt":"2025-09-05T19:51:09","slug":"sept-ravisseurs-du-suisse-sequestre-en-france-pour-des-cryptomonnaies-ecroues","status":"publish","type":"post","link":"https:\/\/www.europesays.com\/fr\/368930\/","title":{"rendered":"Sept ravisseurs du Suisse s\u00e9questr\u00e9 en France pour des cryptomonnaies \u00e9crou\u00e9s"},"content":{"rendered":"<p>Sept personnes soup\u00e7onn\u00e9es d&rsquo;avoir s\u00e9questr\u00e9 un jeune Suisse pour une ran\u00e7on en cryptomonnaies ont \u00e9t\u00e9 mises en examen et plac\u00e9es en d\u00e9tention provisoire.<\/p>\n<p>Sept personnes soup\u00e7onn\u00e9es d&rsquo;avoir s\u00e9questr\u00e9 un jeune Suisse <a href=\"https:\/\/www.bfmtv.com\/police-justice\/possible-affaire-d-enlevement-lie-aux-cryptomonnaies-les-sept-suspects-places-en-detention-provisoire_AV-202509050366.html\" title=\"Possible affaire d&#039;enl\u00e8vement li\u00e9 aux cryptomonnaies: les sept suspects plac\u00e9s en d\u00e9tention provisoire\" class=\"internal_link\" rel=\"nofollow noopener\" target=\"_blank\">pour une ran\u00e7on<\/a> en cryptomonnaies ont \u00e9t\u00e9 mises en examen et plac\u00e9es en d\u00e9tention provisoire, a annonc\u00e9 vendredi 5 septembre le parquet de Lyon, cinq jours apr\u00e8s la <a href=\"https:\/\/www.bfmtv.com\/police-justice\/sept-personnes-en-garde-a-vue-dans-une-possible-affaire-d-enlevement-lie-aux-cryptomonnaies_AN-202509040671.html\" title=\"Sept personnes en garde \u00e0 vue dans une possible affaire d&#039;enl\u00e8vement avec &quot;violence grave&quot; li\u00e9 aux cryptomonnaies\" class=\"internal_link\" rel=\"nofollow noopener\" target=\"_blank\">lib\u00e9ration de l&rsquo;otage<\/a> par le GIGN dans la Dr\u00f4me.<\/p>\n<p>La victime, \u00e2g\u00e9e d&rsquo;une vingtaine d&rsquo;ann\u00e9es, avait \u00e9t\u00e9 enlev\u00e9e dans un endroit et dans des circonstances qui n&rsquo;ont pas \u00e9t\u00e9 r\u00e9v\u00e9l\u00e9es. Le jeune homme avait ensuite \u00e9t\u00e9 s\u00e9questr\u00e9 du 28 au 31 ao\u00fbt avant d&rsquo;\u00eatre lib\u00e9r\u00e9 dans un raid de l&rsquo;unit\u00e9 d&rsquo;\u00e9lite de la gendarmerie pr\u00e8s de la gare de Valence.<\/p>\n<p>La gendarmerie avait \u00e9t\u00e9 inform\u00e9e samedi qu&rsquo;un ressortissant suisse, qui disposait de liquidit\u00e9s en cryptomonnaies, selon une source proche du dossier, \u00e9tait otage en France de ravisseurs exigeant \u00ab\u00a0qu&rsquo;une ran\u00e7on leur soit vers\u00e9e en cryptomonnaie pour sa lib\u00e9ration\u00a0\u00bb, avait indiqu\u00e9 le parquet.<\/p>\n<p>Un \u00ab\u00a0contentieux\u00a0\u00bb portant sur l&rsquo;actif num\u00e9rique \u00ab\u00a0pourrait \u00eatre \u00e0 l&rsquo;origine des faits\u00a0\u00bb, ont pr\u00e9cis\u00e9 vendredi soir dans un communiqu\u00e9 les policiers suisses, qui se sont rapidement coordonn\u00e9s avec les autorit\u00e9s fran\u00e7aises apr\u00e8s avoir \u00e9t\u00e9 alert\u00e9s par un \u00ab\u00a0informateur anonyme\u00a0\u00bb le lendemain de la s\u00e9questration.<\/p>\n<p>Domicili\u00e9e dans le canton de Vaud et \u00e2g\u00e9e de 22 ans, la victime a \u00e9t\u00e9 \u00ab\u00a0s\u00e9rieusement malmen\u00e9e et bless\u00e9e\u00a0\u00bb lors de sa captivit\u00e9, ont-ils ajout\u00e9.<\/p>\n<p>Rapts en hausse<\/p>\n<p>Au terme d&rsquo;une rapide enqu\u00eate et d&rsquo;une op\u00e9ration impliquant quelque 150 gendarmes, un premier raid du GIGN avait permis d&rsquo;interpeller le principal suspect et deux autres personnes puis de lib\u00e9rer l&rsquo;otage et d&rsquo;arr\u00eater quatre autres individus dans une seconde intervention dimanche 31 ao\u00fbt, selon le parquet de Lyon \u00e0 l&rsquo;AFP.<\/p>\n<p>Les sept personnes, dont un mineur de 17 ans, ont \u00e9t\u00e9 mises en examen et plac\u00e9es en d\u00e9tention provisoire \u00e0 l&rsquo;issue de leur pr\u00e9sentation jeudi \u00e0 des magistrats \u00e0 Lyon, a ajout\u00e9 vendredi le parquet, sans pr\u00e9ciser les chefs retenus.<\/p>\n<p>Mais la veille, les suspects \u00e9taient entendus pour les m\u00eames charges: enl\u00e8vement, s\u00e9questration et extorsion en bande organis\u00e9e avec armes, selon la m\u00eame source. Les rapts contre ran\u00e7on ou tentatives d&rsquo;enl\u00e8vement li\u00e9s aux cryptomonnaies, parfois spectaculaires, ont connu une recrudescence ces derniers mois en France.<\/p>\n","protected":false},"excerpt":{"rendered":"Sept personnes soup\u00e7onn\u00e9es d&rsquo;avoir s\u00e9questr\u00e9 un jeune Suisse pour une ran\u00e7on en cryptomonnaies ont \u00e9t\u00e9 mises en examen&hellip;\n","protected":false},"author":2,"featured_media":331958,"comment_status":"","ping_status":"","sticky":false,"template":"","format":"standard","meta":{"footnotes":""},"categories":[4],"tags":[11,1011,27,12,25],"class_list":{"0":"post-368930","1":"post","2":"type-post","3":"status-publish","4":"format-standard","5":"has-post-thumbnail","7":"category-france","8":"tag-actualites","9":"tag-fr","10":"tag-france","11":"tag-news","12":"tag-republique-francaise"},"share_on_mastodon":{"url":"https:\/\/pubeurope.com\/@fr\/115153435513486586","error":""},"_links":{"self":[{"href":"https:\/\/www.europesays.com\/fr\/wp-json\/wp\/v2\/posts\/368930","targetHints":{"allow":["GET"]}}],"collection":[{"href":"https:\/\/www.europesays.com\/fr\/wp-json\/wp\/v2\/posts"}],"about":[{"href":"https:\/\/www.europesays.com\/fr\/wp-json\/wp\/v2\/types\/post"}],"author":[{"embeddable":true,"href":"https:\/\/www.europesays.com\/fr\/wp-json\/wp\/v2\/users\/2"}],"replies":[{"embeddable":true,"href":"https:\/\/www.europesays.com\/fr\/wp-json\/wp\/v2\/comments?post=368930"}],"version-history":[{"count":0,"href":"https:\/\/www.europesays.com\/fr\/wp-json\/wp\/v2\/posts\/368930\/revisions"}],"wp:featuredmedia":[{"embeddable":true,"href":"https:\/\/www.europesays.com\/fr\/wp-json\/wp\/v2\/media\/331958"}],"wp:attachment":[{"href":"https:\/\/www.europesays.com\/fr\/wp-json\/wp\/v2\/media?parent=368930"}],"wp:term":[{"taxonomy":"category","embeddable":true,"href":"https:\/\/www.europesays.com\/fr\/wp-json\/wp\/v2\/categories?post=368930"},{"taxonomy":"post_tag","embeddable":true,"href":"https:\/\/www.europesays.com\/fr\/wp-json\/wp\/v2\/tags?post=368930"}],"curies":[{"name":"wp","href":"https:\/\/api.w.org\/{rel}","templated":true}]}}