{"id":368943,"date":"2025-09-05T20:01:15","date_gmt":"2025-09-05T20:01:15","guid":{"rendered":"https:\/\/www.europesays.com\/fr\/368943\/"},"modified":"2025-09-05T20:01:15","modified_gmt":"2025-09-05T20:01:15","slug":"exclu-norbert-tarayre-en-froid-avec-philippe-etchebest-il-bris","status":"publish","type":"post","link":"https:\/\/www.europesays.com\/fr\/368943\/","title":{"rendered":"EXCLU. Norbert Tarayre en froid avec Philippe Etchebest ? Il bris &#8230;"},"content":{"rendered":"<p>EN BREF<\/p>\n<ul class=\"bloc_resume_post_list\">\n<li>Norbert Tarayre revient sur 6ter avec Yoann Conte pour la<br \/>\nsaison 2 de \u00ab\u00a0La meilleure cuisine r\u00e9gionale, c\u2019est chez moi<br \/>\n!&rsquo;.<\/li>\n<li>Le duo explore la France pour valoriser les talents<br \/>\ncach\u00e9s des \u00e9tablissements traditionnels.<\/li>\n<li>Norbert Tarayre clarifie sa relation avec Philippe<br \/>\nEtchebest et partage ses projets personnels.<\/li>\n<\/ul>\n<p data-start=\"63\" data-end=\"436\">Norbert Tarayre reprend du<br \/>\nservice sur le petit \u00e9cran. Le chef, connu pour son franc-parler et<br \/>\nsa bonne humeur, est de retour avec la saison 2 de<br \/>\n<strong>La meilleure cuisine<br \/>\nr\u00e9gionale, c\u2019est chez moi !<\/strong>, diffus\u00e9e sur 6ter, aux<br \/>\nc\u00f4t\u00e9s de son complice <a href=\"https:\/\/www.telestar.fr\/actu-tv\/objectif-top-chef-2023-qui-est-yoann-conte-le-nouvel-acolyte-de-philippe-etchebest-836080\" target=\"_blank\" rel=\"noopener\"><br \/>\nYoann Conte<\/a>. Ensemble, ils sillonnent la France pour mettre en<br \/>\nlumi\u00e8re des \u00e9tablissements traditionnels et leurs talents<br \/>\ncach\u00e9s.<\/p>\n<p data-start=\"438\" data-end=\"831\">Dans une interview exclusive<br \/>\naccord\u00e9e \u00e0 T\u00e9l\u00e9 Star,<br \/>\nNorbert Tarayre reconna\u00eet qu\u2019\u00eatre \u00ab\u00a0deux \u00e9toil\u00e9s repr\u00e9sente<br \/>\n<strong>une sacr\u00e9e pression<\/strong>\u00ab\u00a0. Mais chacun tient son<br \/>\nr\u00f4le. \u00ab\u00a0L&rsquo;\u00e9mission est pour lui une soupape, car il voit ce que<br \/>\npeuvent \u00eatre des cuisines imparfaites. Les gens que l&rsquo;on rencontre<br \/>\nont la m\u00eame passion que lui, mais pas le m\u00eame objectif ! Yoann,<br \/>\n<strong>c&rsquo;est le sympa de la bande<\/strong>\u00ab\u00a0, assure-t-il dans<br \/>\nune interview exclusive pour T\u00e9l\u00e9 Star.<\/p>\n<p>Norbert Tarayre \u00ab\u00a0f\u00e2ch\u00e9\u00a0\u00bb avec Philippe Etchebest ? Il met les<br \/>\nchoses au clair<\/p>\n<p data-start=\"917\" data-end=\"1276\">Quant \u00e0 lui, il est \u00ab\u00a0le<br \/>\np\u00e8te-sec\u00a0\u00bb. \u00ab\u00a0C&rsquo;est mon c\u00f4t\u00e9 Philippe Etchebest\u00a0\u00bb,<br \/>\nblague-t-il. En \u00e9voquant le <a href=\"https:\/\/www.telestar.fr\/people\/philippe-etchebest-grand-projet-avec-sa-femme-avec-dominique-cest-paradis-en-cuisine-1734506\" target=\"_blank\" rel=\"noopener\"><br \/>\nchef Etchebest<\/a>, Norbert Tarayre a voulu s\u2019exprimer sur les<br \/>\nrumeurs entourant leur relation et affirme ne pas \u00eatre<br \/>\n\u00ab\u00a0f\u00e2ch\u00e9\u00a0\u00bb avec lui. \u00ab\u00a0Contrairement \u00e0 ce que tout le<br \/>\nmonde raconte, <strong>on s&rsquo;adore !<\/strong>\u00ab\u00a0, d\u00e9clare-t-il.<br \/>\nDe quoi faire taire ceux qui pensent l&rsquo;inverse&#8230;<\/p>\n<p data-start=\"1278\" data-end=\"1627\">C\u00f4t\u00e9 coulisses, le programme<br \/>\nconserve son authenticit\u00e9. \u00ab\u00a0La formule n&rsquo;a pas chang\u00e9, sinon<br \/>\nqu&rsquo;il y a encore plus de bonhomie dans nos relations avec Yoann. Ce<br \/>\nqui est important aussi, c&rsquo;est qu&rsquo;on soit les porte-\u00e9tendards des<br \/>\nrestaurateurs, et qu&rsquo;on soutienne le mouvement initi\u00e9 par Thierry<br \/>\nMarx, parce qu&rsquo;ils ont besoin de nous\u00a0\u00bb, explique le chef.<\/p>\n<p>Norbert Tarayre \u00e9voque ses projets<br \/>\npersonnels<\/p>\n<p data-start=\"1682\" data-end=\"2108\">Parall\u00e8lement \u00e0 la t\u00e9l\u00e9vision,<br \/>\n<a href=\"https:\/\/www.telestar.fr\/actu_tv\/norbert-tarayre-sans-tabou-sur-son-alcoolisme-je-mettais-lalcool-dans-des-bouteilles-de-7up-1727889\" target=\"_blank\" rel=\"noopener\"><br \/>\nNorbert Tarayre<\/a> poursuit ses projets personnels. \u00c0 la t\u00eate du<br \/>\n<strong>19.20<\/strong>, un restaurant situ\u00e9 pr\u00e8s des<br \/>\nChamps-\u00c9lys\u00e9es, il confie : \u00ab\u00a0Oui, j&rsquo;avais besoin de retourner<br \/>\nsur le terrain et d&rsquo;assimiler cette nouvelle cuisine qui arrive. Je<br \/>\nsuis heureux qu&rsquo;on y propose quelque chose d&rsquo;un peu diff\u00e9rent des<br \/>\nstandards parisiens.\u00a0\u00bb Loin de s\u2019arr\u00eater l\u00e0, il pr\u00e9pare<br \/>\n\u00e9galement l\u2019ouverture d<strong>\u2019un bistrot au Maroc.<\/strong><\/p>\n<p data-start=\"2110\" data-end=\"2457\">Enfin, le chef se montre<br \/>\ntransparent sur son parcours personnel et son ancienne addiction \u00e0<br \/>\nl&rsquo;alcool. \u00ab\u00a0Ce n&rsquo;est pas un tabou. Comme je l&rsquo;ai d\u00e9j\u00e0 confi\u00e9, je<br \/>\nme suis vu un jour dans un miroir, bedonnant, avec des vergetures,<br \/>\net <strong>j&rsquo;ai su qu&rsquo;il fallait arr\u00eater<\/strong>. On n&rsquo;a qu&rsquo;une<br \/>\nvie et pas de double chance\u00a0\u00bb, conclut-il, visiblement<br \/>\nd\u00e9termin\u00e9 \u00e0 avancer.<\/p>\n<p data-start=\"2110\" data-end=\"2457\">Interview \u00e0 retrouver en<br \/>\nint\u00e9gralit\u00e9 dans votre magazine T\u00e9l\u00e9 Star en kiosque et en version<br \/>\nnum\u00e9rique ce lundi 8 septembre 2025<\/p>\n","protected":false},"excerpt":{"rendered":"EN BREF Norbert Tarayre revient sur 6ter avec Yoann Conte pour la saison 2 de \u00ab\u00a0La meilleure cuisine&hellip;\n","protected":false},"author":2,"featured_media":368944,"comment_status":"","ping_status":"","sticky":false,"template":"","format":"standard","meta":{"footnotes":""},"categories":[1359],"tags":[548,58,59,1011,27,23853,973,5387],"class_list":{"0":"post-368943","1":"post","2":"type-post","3":"status-publish","4":"format-standard","5":"has-post-thumbnail","7":"category-people","8":"tag-article-simple","9":"tag-divertissement","10":"tag-entertainment","11":"tag-fr","12":"tag-france","13":"tag-norbert-tarayre","14":"tag-people","15":"tag-philippe-etchebest"},"share_on_mastodon":{"url":"https:\/\/pubeurope.com\/@fr\/115153476693774383","error":""},"_links":{"self":[{"href":"https:\/\/www.europesays.com\/fr\/wp-json\/wp\/v2\/posts\/368943","targetHints":{"allow":["GET"]}}],"collection":[{"href":"https:\/\/www.europesays.com\/fr\/wp-json\/wp\/v2\/posts"}],"about":[{"href":"https:\/\/www.europesays.com\/fr\/wp-json\/wp\/v2\/types\/post"}],"author":[{"embeddable":true,"href":"https:\/\/www.europesays.com\/fr\/wp-json\/wp\/v2\/users\/2"}],"replies":[{"embeddable":true,"href":"https:\/\/www.europesays.com\/fr\/wp-json\/wp\/v2\/comments?post=368943"}],"version-history":[{"count":0,"href":"https:\/\/www.europesays.com\/fr\/wp-json\/wp\/v2\/posts\/368943\/revisions"}],"wp:featuredmedia":[{"embeddable":true,"href":"https:\/\/www.europesays.com\/fr\/wp-json\/wp\/v2\/media\/368944"}],"wp:attachment":[{"href":"https:\/\/www.europesays.com\/fr\/wp-json\/wp\/v2\/media?parent=368943"}],"wp:term":[{"taxonomy":"category","embeddable":true,"href":"https:\/\/www.europesays.com\/fr\/wp-json\/wp\/v2\/categories?post=368943"},{"taxonomy":"post_tag","embeddable":true,"href":"https:\/\/www.europesays.com\/fr\/wp-json\/wp\/v2\/tags?post=368943"}],"curies":[{"name":"wp","href":"https:\/\/api.w.org\/{rel}","templated":true}]}}