{"id":368949,"date":"2025-09-05T20:04:12","date_gmt":"2025-09-05T20:04:12","guid":{"rendered":"https:\/\/www.europesays.com\/fr\/368949\/"},"modified":"2025-09-05T20:04:12","modified_gmt":"2025-09-05T20:04:12","slug":"satire-a-vue-petite-reunion-familiale-sur-le-plateau-de-france-info","status":"publish","type":"post","link":"https:\/\/www.europesays.com\/fr\/368949\/","title":{"rendered":"[SATIRE \u00c0 VUE] Petite r\u00e9union familiale sur le plateau de France Info"},"content":{"rendered":"<p><strong>La connivence m\u00e9diatique s&rsquo;allie \u00e0 l&rsquo;entre-soi politique au travers <a href=\"https:\/\/x.com\/i\/status\/1963509760872849590\" target=\"_blank\" rel=\"noopener nofollow\">l&rsquo;interview<\/a> du compagnon de L\u00e9a Salam\u00e9 men\u00e9 par la compagne de Benjamin Duhamel. En<\/strong><strong> plateau, le regard bienveillant du cousin par alliance d&rsquo;\u00c9ric Piolle parach\u00e8ve le chef-d&rsquo;\u0153uvre.\u00a0<\/strong><\/p>\n<p>\u00a0<\/p>\n<p>Une table, quelques gourmandises et trois tasses de th\u00e9. La r\u00e9daction de France Info avait demand\u00e9 au d\u00e9corateur d&rsquo;am\u00e9nager un plateau correspondant \u00e0 la nature des intervenants. Rien de cela n&rsquo;a \u00e9t\u00e9 mis en place. La compagne de Benjamin Duhamel va devoir interviewer le compagnon de L\u00e9a Salam\u00e9 devant un fond violet d\u00e9nu\u00e9 de toute chaleur familiale. Le tout en compagnie du cousin de l&rsquo;ex-d\u00e9put\u00e9 europ\u00e9en de gauche Pierre Larrouturou lui-m\u00eame cousin d&rsquo;\u00c9ric Piolle.<\/p>\n<blockquote class=\"twitter-tweet\">\n<p dir=\"ltr\" lang=\"fr\">Bienvenue en France :<br \/>Agathe Lambert, compagne de Benjamin Duhamel pose des questions \u00e0 Rapha\u00ebl Glucksmann, sur sa compagne L\u00e9a Salam\u00e9 qui pr\u00e9sente le JT de France 2, devant Paul Larrouturou, cousin d&rsquo;\u00c9ric Piolle.<a href=\"https:\/\/t.co\/gkDdKg5Bjg\" rel=\"nofollow\">pic.twitter.com\/gkDdKg5Bjg<\/a><\/p>\n<p>\u2014 Jon De Lorraine (@jon_delorraine) <a href=\"https:\/\/twitter.com\/jon_delorraine\/status\/1963509760872849590?ref_src=twsrc%5Etfw\" rel=\"nofollow noopener\" target=\"_blank\">September 4, 2025<\/a><\/p>\n<\/blockquote>\n<p>Autour de cette table aust\u00e8re, la journaliste Agathe Lambert, Rapha\u00ebl Glucksmann et le chroniqueur Paul Larrouturou se sont r\u00e9unis pour papoter de l&rsquo;actualit\u00e9. La question qui br\u00fble les l\u00e8vres de la journaliste concerne la premi\u00e8re apparition de L\u00e9a Salam\u00e9 au 20 heures de France 2. Est-ce que Rapha\u00ebl a regard\u00e9 ? Qu&rsquo;en a-t-il pens\u00e9 ? Avec deux sucres ou un seul ? Cette derni\u00e8re r\u00e9flexion rel\u00e8ve du r\u00e9flexe en pareille circonstance. Mais revenons au suspense du jour. Ouf. Il est \u00ab extr\u00eamement fier \u00bb,\u00ab c&rsquo;est un moment incroyable pour elle, donc c&rsquo;est ma fiert\u00e9 \u00bb, \u00ab je suis heureux de ce qu&rsquo;elle fait, fier de ce qu&rsquo;elle fait \u00bb\u00a0<\/p>\n<p>Le cousin par alliance du maire de Grenoble est inquiet. Dans la perspective de la pr\u00e9sence de Rapha\u00ebl Glucksmann \u00e0 la prochaine pr\u00e9sidentielle que va-t-il se passer ? L&rsquo;int\u00e9ress\u00e9 rassure cousins, cousines, compagnes et compagnons. Durant la campagne \u00e9lectorale, L\u00e9a restera cach\u00e9e sous le voile pudique de l&rsquo;impartialit\u00e9. Pas un mot, pas un geste. Sa pr\u00e9paration au statut de premi\u00e8re dame s&rsquo;effectuera loin des regards.<\/p>\n<p>Cousinade m\u00e9diatique<\/p>\n<p>Un b\u00e9mol tr\u00e8s ennuyeux vient toutefois g\u00e2cher ce pur moment de bonheur familial. Est-ce l&rsquo;absence de biscuits ou la pr\u00e9sence de cam\u00e9ras qui trouble l&rsquo;invit\u00e9 ? Il lui faut confesser \u00e0 la coterie que tout n&rsquo;est pas rose \u00e0 la maison : \u00ab On a toujours su \u00eatre compl\u00e8tement s\u00e9par\u00e9s dans nos carri\u00e8res \u00bb Ah zut. Pire encore : \u00ab On est en 2025, et une femme n&rsquo;a pas les opinions politiques de son mari et je peux vous garantir, qu&rsquo;en l&rsquo;occurrence c&rsquo;est probablement tr\u00e8s vrai sur certains sujets \u00bb.<\/p>\n<p>Il est temps de ranger la th\u00e9i\u00e8re qu&rsquo;un assistant vient d&rsquo;apporter. Il y aurait de l&rsquo;eau dans le gaz entre les tourtereaux de gauche. Des d\u00e9saccords sur la couleur des cravates d&rsquo;Emmanuel Macron sont apparus. La coiffure de Sandrine Rousseau les divise. \u00c0 l&rsquo;attention des t\u00e9l\u00e9spectateurs qui pourraient croire en un parti pris de France T\u00e9l\u00e9vision, la compagne de Benjamin Duhamel lui-m\u00eame fils de l&rsquo;ex-responsable du service politique de France 2, Nathalie Saint Cricq et neveu de d&rsquo;Alain Duhamel vient appuyer la r\u00e9v\u00e9lation de Rapha\u00ebl Glucksmann : \u00ab Vous n&rsquo;\u00eates pas d&rsquo;accord sur tout politiquement \u00bb.<\/p>\n<p>La r\u00e9ponse par la n\u00e9gative met un terme la s\u00e9quence. Depuis lors, un simulacre de sc\u00e8ne de m\u00e9nage se pr\u00e9pare dans les coulisses de France Info. Des tasses de th\u00e9 voleront dans le studio. Pour convaincre le public de l&rsquo;inexistence d&rsquo;un entre-soi, il faut y mettre les moyens.<\/p>\n<p>                    <a href=\"#\" rel=\"nofollow\" onclick=\"window.print(); pfTrackEvent('[SATIRE \u00c0 VUE] Petite r\u00e9union familiale sur le plateau de France Info'); return false;\" title=\"Printer Friendly, PDF &amp; Email\"><br \/>\n                    <img decoding=\"async\" src=\"https:\/\/www.europesays.com\/fr\/wp-content\/uploads\/2025\/04\/printfriendly-icon-sm.png\" alt=\"Print Friendly, PDF &amp; Email\" class=\"pf-button-img\" style=\"width: 17px;height: 17px;\"\/>Imprimer, enregistrer en PDF cet article<br \/>\n                    <\/a><br \/>\n                <script async src=\"https:\/\/platform.twitter.com\/widgets.js\" charset=\"utf-8\"><\/script><\/p>\n","protected":false},"excerpt":{"rendered":"La connivence m\u00e9diatique s&rsquo;allie \u00e0 l&rsquo;entre-soi politique au travers l&rsquo;interview du compagnon de L\u00e9a Salam\u00e9 men\u00e9 par la&hellip;\n","protected":false},"author":2,"featured_media":368950,"comment_status":"","ping_status":"","sticky":false,"template":"","format":"standard","meta":{"footnotes":""},"categories":[1356],"tags":[58,59,1011,27,252,1364],"class_list":{"0":"post-368949","1":"post","2":"type-post","3":"status-publish","4":"format-standard","5":"has-post-thumbnail","7":"category-television","8":"tag-divertissement","9":"tag-entertainment","10":"tag-fr","11":"tag-france","12":"tag-television","13":"tag-tv"},"share_on_mastodon":{"url":"https:\/\/pubeurope.com\/@fr\/115153486922451407","error":""},"_links":{"self":[{"href":"https:\/\/www.europesays.com\/fr\/wp-json\/wp\/v2\/posts\/368949","targetHints":{"allow":["GET"]}}],"collection":[{"href":"https:\/\/www.europesays.com\/fr\/wp-json\/wp\/v2\/posts"}],"about":[{"href":"https:\/\/www.europesays.com\/fr\/wp-json\/wp\/v2\/types\/post"}],"author":[{"embeddable":true,"href":"https:\/\/www.europesays.com\/fr\/wp-json\/wp\/v2\/users\/2"}],"replies":[{"embeddable":true,"href":"https:\/\/www.europesays.com\/fr\/wp-json\/wp\/v2\/comments?post=368949"}],"version-history":[{"count":0,"href":"https:\/\/www.europesays.com\/fr\/wp-json\/wp\/v2\/posts\/368949\/revisions"}],"wp:featuredmedia":[{"embeddable":true,"href":"https:\/\/www.europesays.com\/fr\/wp-json\/wp\/v2\/media\/368950"}],"wp:attachment":[{"href":"https:\/\/www.europesays.com\/fr\/wp-json\/wp\/v2\/media?parent=368949"}],"wp:term":[{"taxonomy":"category","embeddable":true,"href":"https:\/\/www.europesays.com\/fr\/wp-json\/wp\/v2\/categories?post=368949"},{"taxonomy":"post_tag","embeddable":true,"href":"https:\/\/www.europesays.com\/fr\/wp-json\/wp\/v2\/tags?post=368949"}],"curies":[{"name":"wp","href":"https:\/\/api.w.org\/{rel}","templated":true}]}}