{"id":368955,"date":"2025-09-05T20:07:10","date_gmt":"2025-09-05T20:07:10","guid":{"rendered":"https:\/\/www.europesays.com\/fr\/368955\/"},"modified":"2025-09-05T20:07:10","modified_gmt":"2025-09-05T20:07:10","slug":"un-foyer-de-chikungunya-detecte-dans-les-alpes-maritimes-38-cas-rien-qua-antibes","status":"publish","type":"post","link":"https:\/\/www.europesays.com\/fr\/368955\/","title":{"rendered":"un foyer de chikungunya d\u00e9tect\u00e9 dans les Alpes-Maritimes, 38 cas rien qu\u2019\u00e0 Antibes"},"content":{"rendered":"<p>Le premier cas de ce foyer a \u00e9t\u00e9 d\u00e9tect\u00e9 le 25 juillet. Il s\u2019est ensuite propag\u00e9 rapidement par l\u2019interm\u00e9diaire du moustique-tigre. Jeudi apr\u00e8s-midi, quelque 11.000 Antibois ont \u00e9t\u00e9 destinataires d\u2019un SMS d\u2019alerte de l\u2019ARS.<\/p>\n<p class=\"fig-paragraph\">38 cas de\u00a0<a href=\"http:\/\/www.lefigaro.fr\/sciences\/moustique-tigre-avec-le-rechauffement-les-cas-de-chikungunya-explosent-en-metropole-20250902\" data-fig-type=\"Article\" data-gtm-custom-categorie=\"navigation\" data-gtm-custom-action=\"crossclick\" data-gtm-custom-label=\"Contextuel\" data-gtm-event=\"customEventSPE\" data-fig-domain=\"LEFIGARO\" target=\"_blank\" rel=\"noopener\">chikungunya\u00a0<\/a>ont \u00e9t\u00e9 d\u00e9tect\u00e9s \u00e0\u00a0<a href=\"https:\/\/www.lefigaro.fr\/gastronomie\/amarines-au-cap-d-antibes-maitrise-parfaite-20250718\" data-fig-type=\"Article\" data-gtm-custom-categorie=\"navigation\" data-gtm-custom-action=\"crossclick\" data-gtm-custom-label=\"Contextuel\" data-gtm-event=\"customEventSPE\" data-fig-domain=\"LEFIGARO\" target=\"_blank\" rel=\"noopener\">Antibes<\/a>\u00a0(Alpes-Maritimes) en un mois et demi selon les derniers chiffres publi\u00e9s mercredi par l\u2019Agence r\u00e9gionale de sant\u00e9 Provence-Alpes-C\u00f4te d\u2019Azur (ARS Paca). Le premier cas de ce foyer a \u00e9t\u00e9 d\u00e9tect\u00e9 le 25 juillet. \u00abLe virus, qui se propage tr\u00e8s rapidement par l\u2019interm\u00e9diaire du moustique-tigre, s\u2019est alors propag\u00e9 autour du patient (voisinage, famille, etc.)\u00bb, indique l\u2019ARS.<\/p>\n<p class=\"fig-paragraph\">Cinq autres cas autochtones ont \u00e9t\u00e9 d\u00e9tect\u00e9s ailleurs dans le d\u00e9partement sur la m\u00eame p\u00e9riode, \u00e0\u00a0<a href=\"http:\/\/www.lefigaro.fr\/nice\/municipales-2026-a-nice-face-a-estrosi-et-ciotti-une-candidate-ecologiste-d-union-de-la-gauche-mais-sans-lfi-20250905\" data-fig-type=\"NewsFlash\" data-gtm-custom-categorie=\"navigation\" data-gtm-custom-action=\"crossclick\" data-gtm-custom-label=\"Contextuel\" data-gtm-event=\"customEventSPE\" data-fig-domain=\"LEFIGARO\" target=\"_blank\" rel=\"noopener\">Nice<\/a>, Cagnes-sur-Mer, La Gaude et Auribeau-sur-Siagne. L\u2019ARS pr\u00e9cise que pour chaque personne atteinte par ce virus, elle m\u00e8ne une enqu\u00eate et des actions de terrain\u00a0: \u00abporte \u00e0 porte dans le voisinage avec les \u00e9quipes de Sant\u00e9 Publique France, contact individuel avec chaque personne test\u00e9e positivement, organisation de d\u00e9moustication avec l\u2019EID, information et sensibilisation des professionnels de sant\u00e9\u00bb. En outre, elle souligne le r\u00f4le des professionnels de sant\u00e9, \u00abcrucial puisque ce sont eux qui rep\u00e8rent les sympt\u00f4mes du chikungunya chez les patients qui se rendent en consultation, qui d\u00e9clarent les cas \u00e0 l\u2019ARS et qui peuvent d\u00e9livrer le plus pr\u00e9cocement les recommandations de protection des piq\u00fbres afin de stopper la cha\u00eene de transmission\u00bb.<\/p>\n<p>                                    <a class=\"fig-a11y-skip a11y-hidden\" href=\"#fig-a11y-skip-main-inarticle\"><br \/>\n        Passer la publicit\u00e9<br \/>\n    <\/a><\/p>\n<p>Communication et sensibilisation<\/p>\n<p class=\"fig-paragraph\">Dans le cadre de ce plan de gestion, l\u2019ARS Paca organise aussi des campagnes de communication localis\u00e9es pour sensibiliser les habitants qui peuvent \u00eatre concern\u00e9s par des cas de chikungunya pr\u00e8s de chez eux\u00a0: envoi de SMS g\u00e9olocalis\u00e9s, achat d\u2019espace digital, affichage dans les pharmacies, etc. Ainsi, quelque 11.000 Antibois ont \u00e9t\u00e9 destinataires d\u2019un SMS d\u2019alerte jeudi en fin de journ\u00e9e.<\/p>\n<p class=\"fig-paragraph\">\u00c0 l\u2019\u00e9chelle nationale, la barre des 300 cas autochtones a \u00e9t\u00e9 franchie cet \u00e9t\u00e9, un niveau in\u00e9dit, selon les donn\u00e9es publi\u00e9es mercredi par Sant\u00e9 publique France. Autre maladie transmise par le moustique-tigre et en augmentation, la dengue a provoqu\u00e9 jusqu\u2019ici dix foyers estivaux en m\u00e9tropole, pour un total de 19 cas, sans atteindre le record de 2024 (66 cas).<\/p>\n","protected":false},"excerpt":{"rendered":"Le premier cas de ce foyer a \u00e9t\u00e9 d\u00e9tect\u00e9 le 25 juillet. Il s\u2019est ensuite propag\u00e9 rapidement par&hellip;\n","protected":false},"author":2,"featured_media":368956,"comment_status":"","ping_status":"","sticky":false,"template":"","format":"standard","meta":{"footnotes":""},"categories":[10],"tags":[35712,1011,27,72,2856,71],"class_list":{"0":"post-368955","1":"post","2":"type-post","3":"status-publish","4":"format-standard","5":"has-post-thumbnail","7":"category-sante","8":"tag-ars","9":"tag-fr","10":"tag-france","11":"tag-health","12":"tag-moustique-tigre","13":"tag-sante"},"share_on_mastodon":{"url":"https:\/\/pubeurope.com\/@fr\/115153498503334207","error":""},"_links":{"self":[{"href":"https:\/\/www.europesays.com\/fr\/wp-json\/wp\/v2\/posts\/368955","targetHints":{"allow":["GET"]}}],"collection":[{"href":"https:\/\/www.europesays.com\/fr\/wp-json\/wp\/v2\/posts"}],"about":[{"href":"https:\/\/www.europesays.com\/fr\/wp-json\/wp\/v2\/types\/post"}],"author":[{"embeddable":true,"href":"https:\/\/www.europesays.com\/fr\/wp-json\/wp\/v2\/users\/2"}],"replies":[{"embeddable":true,"href":"https:\/\/www.europesays.com\/fr\/wp-json\/wp\/v2\/comments?post=368955"}],"version-history":[{"count":0,"href":"https:\/\/www.europesays.com\/fr\/wp-json\/wp\/v2\/posts\/368955\/revisions"}],"wp:featuredmedia":[{"embeddable":true,"href":"https:\/\/www.europesays.com\/fr\/wp-json\/wp\/v2\/media\/368956"}],"wp:attachment":[{"href":"https:\/\/www.europesays.com\/fr\/wp-json\/wp\/v2\/media?parent=368955"}],"wp:term":[{"taxonomy":"category","embeddable":true,"href":"https:\/\/www.europesays.com\/fr\/wp-json\/wp\/v2\/categories?post=368955"},{"taxonomy":"post_tag","embeddable":true,"href":"https:\/\/www.europesays.com\/fr\/wp-json\/wp\/v2\/tags?post=368955"}],"curies":[{"name":"wp","href":"https:\/\/api.w.org\/{rel}","templated":true}]}}