{"id":368957,"date":"2025-09-05T20:08:34","date_gmt":"2025-09-05T20:08:34","guid":{"rendered":"https:\/\/www.europesays.com\/fr\/368957\/"},"modified":"2025-09-05T20:08:34","modified_gmt":"2025-09-05T20:08:34","slug":"mbappe-doue-olise-barcola-quelle-equipe-deschamps-aligne-t-il-contre-lukraine","status":"publish","type":"post","link":"https:\/\/www.europesays.com\/fr\/368957\/","title":{"rendered":"Mbapp\u00e9, Dou\u00e9, Olise, Barcola&#8230; Quelle \u00e9quipe Deschamps aligne-t-il contre l\u2019Ukraine ?"},"content":{"rendered":"<p>Didier Deschamps propose une formule offensive pour affronter l\u2019Ukraine ce vendredi, en Pologne, pour le premier match des qualifications \u00e0 la Coupe du monde 2026.<\/p>\n<p class=\"fig-paragraph\">Pas de surprise dans les choix de\u00a0<a href=\"http:\/\/www.lefigaro.fr\/sports\/football\/coupe-du-monde\/doue-ou-akliouche-systeme-de-jeu-kone-ou-rabiot-quelle-equipe-deschamps-va-t-il-aligner-20250904\" data-fig-type=\"NewsFlash\" data-gtm-custom-categorie=\"navigation\" data-gtm-custom-action=\"crossclick\" data-gtm-custom-label=\"Contextuel\" data-gtm-event=\"customEventSPE\" data-fig-domain=\"LEFIGARO\" target=\"_blank\" rel=\"noopener\">Didier Deschamps<\/a>. Comme \u00e9voqu\u00e9 jeudi soir sur notre site, le s\u00e9lectionneur a d\u00e9cid\u00e9 de poursuivre avec son syst\u00e8me de jeu en 4-2-3-1 pour affronter l\u2019Ukraine vendredi soir \u00e0 Wroclaw en ouverture des qualifications \u00e0 la coupe du monde (11 juin-19 juillet 2026).<\/p>\n<p class=\"fig-paragraph\">Une formule offensive que le technicien veut travailler en vue du Mondial. Dans le secteur d\u2019attaque, Kylian Mbapp\u00e9, capitaine, est bien l\u00e0. Il sera soutenu par une ligne de trois compos\u00e9e de Dou\u00e9 \u00e0 droite, Olise dans l\u2019axe et Barcola \u00e0 gauche.<\/p>\n<p>                                    <a class=\"fig-a11y-skip a11y-hidden\" href=\"#fig-a11y-skip-main-inarticle\"><br \/>\n        Passer la publicit\u00e9<br \/>\n    <\/a><\/p>\n<p>Kon\u00e9 pr\u00e9f\u00e9r\u00e9 \u00e0 Rabiot&#8230; qui paie sa fin d\u2019histoire avec l\u2019OM<\/p>\n<p class=\"fig-paragraph\">Au milieu de terrain, le duo Kon\u00e9-Tchouam\u00e9ni est align\u00e9. Plus aper\u00e7u sur un terrain depuis mi-ao\u00fbt\u00a0<a href=\"http:\/\/www.lefigaro.fr\/sports\/football\/transferts\/rabiot-pavard-donnarumma-le-bilan-d-un-mercato-a-rebondissements-20250901\" data-fig-type=\"Article\" data-gtm-custom-categorie=\"navigation\" data-gtm-custom-action=\"crossclick\" data-gtm-custom-label=\"Contextuel\" data-gtm-event=\"customEventSPE\" data-fig-domain=\"LEFIGARO\" target=\"_blank\" rel=\"noopener\">avec ses probl\u00e8mes \u00e0 Marseille<\/a>, Adrien Rabiot, nouveau joueur de l\u2019AC Milan, d\u00e9butera sur le banc. En d\u00e9fense, du classique apr\u00e8s le forfait de Saliba dimanche. Kound\u00e9-Konat\u00e9-Upamecano-Digne sont align\u00e9s. Mike Maignan est align\u00e9 dans le but fran\u00e7ais. Coup d\u2019envoi 20h45. Premi\u00e8re \u00e9tape vers la coupe du monde pour les Bleus.<\/p>\n<p class=\"fig-body-link\">\n            \u00c0 lire aussi<br \/>\n        <a class=\"fig-body-link__link fig-premium-mark\" href=\"http:\/\/www.lefigaro.fr\/sports\/ukraine-le-football-malgre-la-guerre-20250904\" data-fig-type=\"Article\" data-gtm-custom-categorie=\"navigation\" data-gtm-custom-action=\"crossclick\" data-gtm-custom-label=\"Contextuel\" data-gtm-event=\"customEventSPE\" data-fig-domain=\"LEFIGARO\" target=\"_blank\" rel=\"noopener\">\u00abFaire honneur \u00e0 notre pays, aux soldats qui d\u00e9fendent notre patrie\u00bb\u00a0: comment la s\u00e9lection ukrainienne vit pendant la guerre<br \/>\n    <\/a>\n<\/p>\n<p class=\"fig-paragraph\"><strong>Le onze de d\u00e9part de l\u2019\u00e9quipe de France\u00a0<\/strong>: Maignan &#8211; Kound\u00e9, Konat\u00e9, Upamecano, Digne &#8211; Kon\u00e9, Tchouam\u00e9ni &#8211; Dou\u00e9, Olise, Barcola &#8211; Mbapp\u00e9 (cap)<\/p>\n<p class=\"fig-body-link\">\n            \u00c0 lire aussi<br \/>\n        <a class=\"fig-body-link__link fig-premium-mark\" href=\"http:\/\/www.lefigaro.fr\/sports\/football\/ligue-1\/reformer-notre-gouvernance-et-mettre-en-place-une-direction-a-la-hauteur-l-entretien-exclusif-mccourt-oughourlian-sur-la-crise-du-football-francais-20250905\" data-fig-type=\"NewsFlash\" data-gtm-custom-categorie=\"navigation\" data-gtm-custom-action=\"crossclick\" data-gtm-custom-label=\"Contextuel\" data-gtm-event=\"customEventSPE\" data-fig-domain=\"LEFIGARO\" target=\"_blank\" rel=\"noopener\">\u00abLa Ligue de football professionnel a abandonn\u00e9 les clubs\u00bb\u00a0: le cri d\u2019alarme de Frank McCourt (OM) et Joseph Oughourlian (RC Lens) au Figaro<br \/>\n    <\/a><\/p>\n","protected":false},"excerpt":{"rendered":"Didier Deschamps propose une formule offensive pour affronter l\u2019Ukraine ce vendredi, en Pologne, pour le premier match des&hellip;\n","protected":false},"author":2,"featured_media":368958,"comment_status":"","ping_status":"","sticky":false,"template":"","format":"standard","meta":{"footnotes":""},"categories":[9],"tags":[20532,6713,1011,27,6477,60],"class_list":{"0":"post-368957","1":"post","2":"type-post","3":"status-publish","4":"format-standard","5":"has-post-thumbnail","7":"category-sports","8":"tag-didier-deschamps","9":"tag-equipe-de-france-de-football","10":"tag-fr","11":"tag-france","12":"tag-kylian-mbappe","13":"tag-sports"},"share_on_mastodon":{"url":"https:\/\/pubeurope.com\/@fr\/115153502639816823","error":""},"_links":{"self":[{"href":"https:\/\/www.europesays.com\/fr\/wp-json\/wp\/v2\/posts\/368957","targetHints":{"allow":["GET"]}}],"collection":[{"href":"https:\/\/www.europesays.com\/fr\/wp-json\/wp\/v2\/posts"}],"about":[{"href":"https:\/\/www.europesays.com\/fr\/wp-json\/wp\/v2\/types\/post"}],"author":[{"embeddable":true,"href":"https:\/\/www.europesays.com\/fr\/wp-json\/wp\/v2\/users\/2"}],"replies":[{"embeddable":true,"href":"https:\/\/www.europesays.com\/fr\/wp-json\/wp\/v2\/comments?post=368957"}],"version-history":[{"count":0,"href":"https:\/\/www.europesays.com\/fr\/wp-json\/wp\/v2\/posts\/368957\/revisions"}],"wp:featuredmedia":[{"embeddable":true,"href":"https:\/\/www.europesays.com\/fr\/wp-json\/wp\/v2\/media\/368958"}],"wp:attachment":[{"href":"https:\/\/www.europesays.com\/fr\/wp-json\/wp\/v2\/media?parent=368957"}],"wp:term":[{"taxonomy":"category","embeddable":true,"href":"https:\/\/www.europesays.com\/fr\/wp-json\/wp\/v2\/categories?post=368957"},{"taxonomy":"post_tag","embeddable":true,"href":"https:\/\/www.europesays.com\/fr\/wp-json\/wp\/v2\/tags?post=368957"}],"curies":[{"name":"wp","href":"https:\/\/api.w.org\/{rel}","templated":true}]}}