{"id":368959,"date":"2025-09-05T20:09:10","date_gmt":"2025-09-05T20:09:10","guid":{"rendered":"https:\/\/www.europesays.com\/fr\/368959\/"},"modified":"2025-09-05T20:09:10","modified_gmt":"2025-09-05T20:09:10","slug":"on-etait-faches-ces-dernieres-annees-laurent-ruquier-evoque-pour-la-premiere-fois-depuis-la-disparition-de-thierry-ardisson-sa-relation-avec-lhomme-en-noir","status":"publish","type":"post","link":"https:\/\/www.europesays.com\/fr\/368959\/","title":{"rendered":"\u00ab\u00a0On \u00e9tait f\u00e2ch\u00e9s ces derni\u00e8res ann\u00e9es\u00a0\u00bb Laurent Ruquier \u00e9voque pour la premi\u00e8re fois depuis la disparition de Thierry Ardisson sa relation avec l&rsquo;Homme en noir"},"content":{"rendered":"<p>La suite apr\u00e8s la publicit\u00e9<\/p>\n<p>Jeudi soir, sur le plateau de \u00ab\u00a0C \u00e0 vous\u00a0\u00bb, <a href=\"https:\/\/www.ozap.com\/personnalite\/laurent-ruquier_e161\" rel=\"nofollow noopener\" target=\"_blank\">Laurent Ruquier<\/a> \u00e9tait venu pr\u00e9senter \u00ab\u00a0L&rsquo;Exp\u00e9rience\u00a0\u00bb th\u00e9\u00e2trale, sa nouvelle com\u00e9die jou\u00e9e \u00e0 la Michodi\u00e8re, entour\u00e9 de Fran\u00e7ois Berl\u00e9and et Max Boublil. L&rsquo;occasion d&rsquo;\u00e9voquer \u00e9galement son \u00e9mission culturelle sur T18 et l&rsquo;arriv\u00e9e de <a href=\"https:\/\/www.ozap.com\/personnalite\/lea-salame_e149105\" rel=\"nofollow noopener\" target=\"_blank\">L\u00e9a Salam\u00e9<\/a> au \u00ab\u00a020 Heures\u00a0\u00bb de France 2. Mais c&rsquo;est un autre moment, plus inattendu, qui a marqu\u00e9 l&rsquo;\u00e9mission : pour la premi\u00e8re fois, il est revenu sur sa relation avec <a href=\"https:\/\/www.ozap.com\/personnalite\/thierry-ardisson_e137\" rel=\"nofollow noopener\" target=\"_blank\">Thierry Ardisson<\/a>, disparu en juillet dernier.<\/p>\n<p>\u00ab\u00a0J&rsquo;aimerais tellement qu&rsquo;il soit l\u00e0, pour qu&rsquo;on se f\u00e2che \u00e0 nouveau\u00a0\u00bb<\/p>\n<p>\u00ab\u00a0J&rsquo;ai des tas de souvenirs avec Thierry. C&rsquo;est la premi\u00e8re fois que j&rsquo;en parle \u00e0 la t\u00e9l\u00e9vision\u00a0\u00bb, a-t-il lanc\u00e9, interrog\u00e9 par Anne-Elisabeth Lemoine. L&rsquo;animatrice venait de rappeler que le jeune chroniqueur avait \u00e9t\u00e9, au d\u00e9but des ann\u00e9es 2000, le premier \u00ab\u00a0sniper\u00a0\u00bb de \u00ab\u00a0Tout le monde en parle\u00a0\u00bb, \u00e0 l&rsquo;\u00e9poque o\u00f9 Ardisson cherchait encore la formule du succ\u00e8s. \u00ab\u00a0Quand, Thierry nous a quitt\u00e9s, j&rsquo;ai \u00e9t\u00e9 sollicit\u00e9 par de nombreux journalistes et je n&rsquo;ai rien voulu dire parce qu&rsquo;il se trouve qu&rsquo;on a \u00e9t\u00e9 f\u00e2ch\u00e9s ces derniers mois et ces derni\u00e8res ann\u00e9es, comme \u00e7a arrivait souvent avec Thierry, f\u00e2cherie, r\u00e9conciliation, f\u00e2cherie, r\u00e9conciliation\u00a0\u00bb, a-t-il poursuivi.<\/p>\n<p>L&rsquo;animateur des \u00ab\u00a0Grosses T\u00eates\u00a0\u00bb confie avoir pr\u00e9f\u00e9r\u00e9 garder le silence, craignant que \u00ab\u00a0quoi que je dise, c&rsquo;est \u00e9videmment l&rsquo;aspect n\u00e9gatif qui serait gard\u00e9\u00a0\u00bb. Il affirme qu&rsquo;il aurait \u00ab\u00a0\u00e9videmment\u00a0\u00bb assist\u00e9 aux obs\u00e8ques si le <a href=\"https:\/\/www.ozap.com\/actu\/mask-singer-saison-8-tf1-devoile-une-bande-annonce-haute-en-couleurs-creee-avec-de-lintelligence-artificielle\/651471\" rel=\"nofollow noopener\" target=\"_blank\">tournage de \u00ab\u00a0Mask Singer\u00a0\u00bb<\/a> ne l&rsquo;avait pas retenu le m\u00eame jour: \u00ab\u00a0On a parl\u00e9 avec <a href=\"https:\/\/www.ozap.com\/actu\/cet-ete-douloureux-au-bord-des-larmes-audrey-crespo-mara-rend-hommage-a-thierry-ardisson-pour-son-dernier-jt-sur-tf1\/651223\" rel=\"nofollow noopener\" target=\"_blank\">Audrey (Crespo-Mara)<\/a>. On a pr\u00e9f\u00e9r\u00e9 dire &lsquo;il n&rsquo;est pas venu \u00e0 l&rsquo;enterrement, ah, il est f\u00e2ch\u00e9 avec lui&rsquo;. \u00c9videmment, non. Je lui d\u00e9die d&rsquo;ailleurs la premi\u00e8re \u00e9mission que j&rsquo;anime samedi soir sur <a href=\"https:\/\/www.ozap.com\/actu\/chez-ruquier-t18-change-lhoraire-du-talk-show-de-laurent-ruquier-et-prolonge-lemission-de-30-minutes-a-la-rentree\/651259\" rel=\"nofollow noopener\" target=\"_blank\">T18<\/a>.\u00a0\u00bb<\/p>\n<p>Avec \u00e9motion, Laurent Ruquier a rappel\u00e9 combien Thierry Ardisson avait compt\u00e9 dans sa carri\u00e8re : \u00ab\u00a0J&rsquo;ai fait plus de 30 ans de t\u00e9l\u00e9, il y a eu Jacques Martin, c&rsquo;est vrai, mais celui vraiment qui est venu me chercher, alors qu&rsquo;on disait que la t\u00e9l\u00e9vision n&rsquo;\u00e9tait pas faite pour moi, c&rsquo;est Thierry.\u00a0\u00bb Malgr\u00e9 les disputes \u00e0 r\u00e9p\u00e9tition, il garde avant tout le souvenir d&rsquo;un homme \u00ab\u00a0dr\u00f4le et intelligent\u00a0\u00bb.\u00a0<\/p>\n<p><a href=\"https:\/\/www.ozap.com\/actu\/tf1-me-la-proposee-quand-il-est-parti-audrey-crespo-mara-explique-lavancee-de-la-diffusion-de-son-documentaire-sur-son-mari-thierry-ardisson\/651378\" rel=\"nofollow noopener\" target=\"_blank\"><strong>\u00c0 LIRE AUSSI : \u00ab\u00a0TF1 me l&rsquo;a propos\u00e9e quand il est parti\u00a0\u00bb : Audrey Crespo-Mara explique l&rsquo;avanc\u00e9e de la diffusion de son documentaire sur son mari Thierry Ardisson<\/strong><\/a><\/p>\n<p>\u00ab\u00a0Je me suis tellement amus\u00e9 avec lui, tellement amus\u00e9\u00a0\u00bb, se souvient-il. \u00ab\u00a0Apr\u00e8s, on se f\u00e2chait r\u00e9guli\u00e8rement, parce que c&rsquo;est comme \u00e7a, il \u00e9tait capable des pires choses, comme des meilleures. Ce n&rsquo;est pas parce qu&rsquo;il n&rsquo;est plus l\u00e0 que je ne le dirai pas, mais j&rsquo;aimerais tellement qu&rsquo;il soit l\u00e0, pour qu&rsquo;on se f\u00e2che \u00e0 nouveau.\u00a0\u00bb<strong> Purem\u00e9dias <\/strong>vous propose de d\u00e9couvrir la s\u00e9quence dans la vid\u00e9o ci-dessus.\u00a0<\/p>\n<p>Laurent Ruquier a aussi reconnu qu&rsquo;ils ne s&rsquo;\u00e9taient pas r\u00e9concili\u00e9s avant la disparition de l&rsquo;Homme en noir : \u00ab\u00a0Non, parce que moi, j&rsquo;ignorais qu&rsquo;il \u00e9tait malade. D&rsquo;ailleurs, la derni\u00e8re fois que j&rsquo;en ai parl\u00e9, c&rsquo;est chez vous, ici, avec <a href=\"https:\/\/www.ozap.com\/personnalite\/laurent-baffie_e135\" rel=\"nofollow noopener\" target=\"_blank\">Laurent Baffie<\/a>\u00ab\u00a0, rappelle-t-il. En effet, le 6 mai dernier, alors que les deux complices des \u00ab\u00a0Grosses T\u00eates\u00a0\u00bb \u00e9taient pr\u00e9sents sur le plateau de \u00ab\u00a0C \u00e0 vous\u00a0\u00bb, Laurent Baffie a profit\u00e9 pour faire un mea culpa aupr\u00e8s de Thierry Ardisson, qui n&rsquo;avait pas appr\u00e9ci\u00e9 que son ancien sniper parle d&rsquo;une \u00ab\u00a0\u00e9poque o\u00f9 on \u00e9tait plus sexiste, machiste et con\u00a0\u00bb pour justifier les blagues douteuses et questions jug\u00e9es sexistes ou homophobes sur le plateau de \u00ab\u00a0Tout le monde en parle\u00a0\u00bb.\u00a0<\/p>\n<p>\u00ab\u00a0J&rsquo;ai dit &lsquo;on&rsquo; mais c&rsquo;\u00e9tait un &lsquo;on&rsquo; g\u00e9n\u00e9rique. Je ne le mettais pas dedans, je ne parlais pas de Thierry et moi. Et je ne crache pas dans la soupe, (&#8230;) c&rsquo;est la meilleure soupe que j&rsquo;ai mang\u00e9e de ma vie \u00e0 la t\u00e9l\u00e9vision\u00a0\u00bb, avait nuanc\u00e9 l&rsquo;humoriste. <a href=\"https:\/\/www.ozap.com\/actu\/c-est-le-premier-a-balancer-sur-tout-le-monde-laurent-baffie-s-excuse-encore-aupres-de-thierry-ardisson-laurent-ruquier-le-reprend-en-direct-sur-france-5\/649827\" rel=\"nofollow noopener\" target=\"_blank\">Laurent Ruquier avait alors r\u00e9pondu<\/a> : \u00ab\u00a0C&rsquo;est \u00e9norme que tu t&rsquo;excuses aupr\u00e8s de Thierry qui est le premier \u00e0 balancer des m\u00e9chancet\u00e9s sur toi, sur moi, sur tout le monde et sur tous les gens avec qui il a travaill\u00e9.\u00a0\u00bb<\/p>\n<p>Au-del\u00e0 des pol\u00e9miques, aujourd&rsquo;hui, Laurent Ruquier pr\u00e9f\u00e8re retenir la part lumineuse : \u00ab\u00a0Des anecdotes, je pourrais vous en raconter plein, parce qu&rsquo;on a v\u00e9cu beaucoup, beaucoup de choses. Et \u00e9videmment, c&rsquo;\u00e9tait pour moi quelqu&rsquo;un d&rsquo;important et je lui dois beaucoup. Je n&rsquo;aurais pas r\u00e9ussi \u00e0 la t\u00e9l\u00e9vision sans lui.\u00a0\u00bb<\/p>\n","protected":false},"excerpt":{"rendered":"La suite apr\u00e8s la publicit\u00e9 Jeudi soir, sur le plateau de \u00ab\u00a0C \u00e0 vous\u00a0\u00bb, Laurent Ruquier \u00e9tait venu&hellip;\n","protected":false},"author":2,"featured_media":368960,"comment_status":"","ping_status":"","sticky":false,"template":"","format":"standard","meta":{"footnotes":""},"categories":[8],"tags":[58,59,1011,27],"class_list":{"0":"post-368959","1":"post","2":"type-post","3":"status-publish","4":"format-standard","5":"has-post-thumbnail","7":"category-divertissement","8":"tag-divertissement","9":"tag-entertainment","10":"tag-fr","11":"tag-france"},"share_on_mastodon":{"url":"https:\/\/pubeurope.com\/@fr\/115153507113476074","error":""},"_links":{"self":[{"href":"https:\/\/www.europesays.com\/fr\/wp-json\/wp\/v2\/posts\/368959","targetHints":{"allow":["GET"]}}],"collection":[{"href":"https:\/\/www.europesays.com\/fr\/wp-json\/wp\/v2\/posts"}],"about":[{"href":"https:\/\/www.europesays.com\/fr\/wp-json\/wp\/v2\/types\/post"}],"author":[{"embeddable":true,"href":"https:\/\/www.europesays.com\/fr\/wp-json\/wp\/v2\/users\/2"}],"replies":[{"embeddable":true,"href":"https:\/\/www.europesays.com\/fr\/wp-json\/wp\/v2\/comments?post=368959"}],"version-history":[{"count":0,"href":"https:\/\/www.europesays.com\/fr\/wp-json\/wp\/v2\/posts\/368959\/revisions"}],"wp:featuredmedia":[{"embeddable":true,"href":"https:\/\/www.europesays.com\/fr\/wp-json\/wp\/v2\/media\/368960"}],"wp:attachment":[{"href":"https:\/\/www.europesays.com\/fr\/wp-json\/wp\/v2\/media?parent=368959"}],"wp:term":[{"taxonomy":"category","embeddable":true,"href":"https:\/\/www.europesays.com\/fr\/wp-json\/wp\/v2\/categories?post=368959"},{"taxonomy":"post_tag","embeddable":true,"href":"https:\/\/www.europesays.com\/fr\/wp-json\/wp\/v2\/tags?post=368959"}],"curies":[{"name":"wp","href":"https:\/\/api.w.org\/{rel}","templated":true}]}}