{"id":368981,"date":"2025-09-05T20:22:11","date_gmt":"2025-09-05T20:22:11","guid":{"rendered":"https:\/\/www.europesays.com\/fr\/368981\/"},"modified":"2025-09-05T20:22:11","modified_gmt":"2025-09-05T20:22:11","slug":"toulon-la-sorciere-de-londres-de-nina-six","status":"publish","type":"post","link":"https:\/\/www.europesays.com\/fr\/368981\/","title":{"rendered":"TOULON : \u00ab\u00a0La sorci\u00e8re de Londres\u00a0\u00bb, de Nina SIX"},"content":{"rendered":"<p style=\"text-align: left;\"><strong>En cette semaine de rentr\u00e9e, il est temps, plus que jamais, de s\u2019\u00e9vader !<\/strong><\/p>\n<p style=\"text-align: left;\">Pour trouver une bonne raison de se lever, chercher un peu de magie ou d\u00e9nicher la joie l\u00e0 o\u00f9 on ne l\u2019attend pas, notre librairie vous ouvre grand ses bras !<\/p>\n<p style=\"text-align: left;\"><strong>Un peu de magie<\/strong><\/p>\n<p style=\"text-align: left;\">D\u00e9couvrez la vie de Stella Benson, une autrice anglaise, amie de Virginia Woolf, qui souhaitait mener une vie libre et c\u00e9libataire. De toutes fa\u00e7ons, \u00e0 Londres en 1918, alors que les hommes sont mobilis\u00e9s par la guerre, trouver le prince charmant n\u2019est pas une mince affaire. Et puis Stella aime \u00e9crire, elle s\u2019invente un double imaginaire : Sarah Brown, et pour am\u00e9liorer ce quotidien elle y insuffle un peu de magie ! Les sorci\u00e8res ne sont pas loin. Une BD magnifique, dr\u00f4le et \u00e9mouvante \u00e0 d\u00e9couvrir !<\/p>\n<p style=\"text-align: left;\"><a href=\"http:\/\/t.communication.libraires-ensemble.com\/l2\/82ulhLvNV39\/358228\/4129938739.html?s=20\" rel=\"nofollow noopener\" target=\"_blank\">je le commande<\/a><\/p>\n<p style=\"text-align: left;\"><strong>SOURCE : Librairie Charlemagne Toulon.<\/strong><\/p>\n","protected":false},"excerpt":{"rendered":"En cette semaine de rentr\u00e9e, il est temps, plus que jamais, de s\u2019\u00e9vader ! Pour trouver une bonne&hellip;\n","protected":false},"author":2,"featured_media":368982,"comment_status":"","ping_status":"","sticky":false,"template":"","format":"standard","meta":{"footnotes":""},"categories":[9619],"tags":[1111,11,1777,674,1011,27,12,882,25,2310],"class_list":{"0":"post-368981","1":"post","2":"type-post","3":"status-publish","4":"format-standard","5":"has-post-thumbnail","7":"category-toulon","8":"tag-actu","9":"tag-actualites","10":"tag-eu","11":"tag-europe","12":"tag-fr","13":"tag-france","14":"tag-news","15":"tag-provence-alpes-cote-dazur","16":"tag-republique-francaise","17":"tag-toulon"},"share_on_mastodon":{"url":"https:\/\/pubeurope.com\/@fr\/115153557499417057","error":""},"_links":{"self":[{"href":"https:\/\/www.europesays.com\/fr\/wp-json\/wp\/v2\/posts\/368981","targetHints":{"allow":["GET"]}}],"collection":[{"href":"https:\/\/www.europesays.com\/fr\/wp-json\/wp\/v2\/posts"}],"about":[{"href":"https:\/\/www.europesays.com\/fr\/wp-json\/wp\/v2\/types\/post"}],"author":[{"embeddable":true,"href":"https:\/\/www.europesays.com\/fr\/wp-json\/wp\/v2\/users\/2"}],"replies":[{"embeddable":true,"href":"https:\/\/www.europesays.com\/fr\/wp-json\/wp\/v2\/comments?post=368981"}],"version-history":[{"count":0,"href":"https:\/\/www.europesays.com\/fr\/wp-json\/wp\/v2\/posts\/368981\/revisions"}],"wp:featuredmedia":[{"embeddable":true,"href":"https:\/\/www.europesays.com\/fr\/wp-json\/wp\/v2\/media\/368982"}],"wp:attachment":[{"href":"https:\/\/www.europesays.com\/fr\/wp-json\/wp\/v2\/media?parent=368981"}],"wp:term":[{"taxonomy":"category","embeddable":true,"href":"https:\/\/www.europesays.com\/fr\/wp-json\/wp\/v2\/categories?post=368981"},{"taxonomy":"post_tag","embeddable":true,"href":"https:\/\/www.europesays.com\/fr\/wp-json\/wp\/v2\/tags?post=368981"}],"curies":[{"name":"wp","href":"https:\/\/api.w.org\/{rel}","templated":true}]}}