{"id":368983,"date":"2025-09-05T20:23:12","date_gmt":"2025-09-05T20:23:12","guid":{"rendered":"https:\/\/www.europesays.com\/fr\/368983\/"},"modified":"2025-09-05T20:23:12","modified_gmt":"2025-09-05T20:23:12","slug":"la-piste-locale-dune-vengeance-est-privilegiee","status":"publish","type":"post","link":"https:\/\/www.europesays.com\/fr\/368983\/","title":{"rendered":"la piste locale d&rsquo;une vengeance est privil\u00e9gi\u00e9e"},"content":{"rendered":"<p>            Par<br \/>\n        <strong><br \/>\n            <a href=\"https:\/\/actu.fr\/auteur\/jm-aubert\" title=\"Consulter tous les articles de Jean-Marc Aubert\" rel=\"nofollow noopener\" target=\"_blank\">Jean-Marc Aubert<\/a><br \/>\n        <\/strong><\/p>\n<p>        Publi\u00e9 le<\/p>\n<p>            5 sept. 2025 \u00e0 18h20        <\/p>\n<p>Pr\u00e8s de quatre mois apr\u00e8s l\u2019<strong>incendie criminel de treize avions<\/strong> de l\u2019\u00c9cole Airways Aviation -ex-Esma- sur l\u2019a\u00e9rodrome de <strong>Mauguio,<\/strong> mitoyen de l\u2019a\u00e9roport de Montpellier M\u00e9diterran\u00e9e, le myst\u00e8re reste entier.<\/p>\n<p class=\" wall-content\">C\u2019\u00e9tait dans la\u00a0nuit du 19 au 20\u00a0mai 2025, lors d\u2019une <strong>intrusion nocturne d\u2019un commando<\/strong>\u00a0visiblement organis\u00e9 et tr\u00e8s bien -trop bien ?- renseign\u00e9s : apr\u00e8s avoir d\u00e9coup\u00e9 du grillage, des <strong>coktails molotov<\/strong> \u00e9taient jet\u00e9s dans les carlingues et calcinaient enti\u00e8rement quatre appareils et en endommageaient neuf autres. Le pr\u00e9judice est tr\u00e8s important.<\/p>\n<p>    <a href=\"https:\/\/www.google.com\/maps\/embed?pb=!1m18!1m12!1m3!1d5622.6169455044355!2d3.947455381282498!3d43.5785215670121!2m3!1f0!2f0!3f0!3m2!1i1024!2i768!4f13.1!3m3!1m2!1s0x12b6a4d9e1ce7e7f%3A0x316177ea731d184!2sAirways%20Aviation%20Academy%20-%20ESMA!5e0!3m2!1sfr!2sfr!4v1757087916551!5m2!1sfr!2sfr\" title=\"Ouvrie le lien\" rel=\"nofollow noopener\" target=\"_blank\">Cliquez ici pour visualiser le contenu<\/a><\/p>\n<p class=\" wall-content\">Depuis, l\u2019enqu\u00eate est men\u00e9e tambour battant sur cet acte criminel par les <strong>gendarmes de la section de recherches des Transports a\u00e9riens<\/strong> qui est bas\u00e9e \u00e0 l\u2019a\u00e9roport de Roissy Charles de Gaulle, avec l\u2019appui de la compagnie de gendarmerie des Transports a\u00e9riens implant\u00e9e \u00e0 Aix-en-Provence, avec une proc\u00e9dure qui s\u2019enrichit au fil des semaines notamment par de nombreuses auditions, des constatations mat\u00e9rielles et par l\u2019\u00e9pluchage de centaines de documents en qu\u00eate de la bonne piste susceptible d\u2019identifier les auteurs, car, selon une source proche de l\u2019enqu\u00eate, \u00ab\u00a0il fallait \u00eatre au minimum deux pour incendier tous ces avions et de plus, il fallait tr\u00e8s bien conna\u00eetre la configuration des lieux\u00a0\u00bb.<\/p>\n<p>La piste locale<\/p>\n<p class=\" wall-content\">Selon cette source, \u00ab\u00a0la piste locale est privil\u00e9gi\u00e9e, \u00e0 savoir un acte de vengeance visant l\u2019\u00c9cole Airways Aviation, cela ne fait aucun doute. Reste \u00e0 \u00e9tablir qui et pourquoi\u00a0\u00bb. En proie \u00e0 des difficult\u00e9s financi\u00e8res, Airways Aviation \u00e9tait en proie \u00e0 de vives tensions internes, notamment sur fond de licenciements de salari\u00e9s contest\u00e9s, ce qui conduit les enqu\u00eateurs \u00e0 approfondir ces dissensions r\u00e9currentes, ainsi que de fouiller dans d\u2019autres volets financiers, par exemple le retard important dans le paiement des loyers, que la direction avait promise de r\u00e9gler. Les gendarmes des Transports a\u00e9riens creusent ces \u00e9v\u00e9nements suspects, ce qui demande du temps, sans savoir pour l\u2019heure s\u2019ils ont un lien direct avec l\u2019incendie volontaire des avions.<\/p>\n<p>Vid\u00e9os : en ce moment sur ActuRacket de la DZ Mafia ?<\/p>\n<p class=\" wall-content\">Si l\u2019hypoth\u00e8se d\u2019une escroquerie \u00e0 l\u2019assurance qui a longtemps \u00e9t\u00e9 \u00e9voqu\u00e9e dans des commentaires sur les r\u00e9seaux sociaux semble \u00e9cart\u00e9e au stade actuel des investigations, celle du racket n\u2019est pas totalement exclue.<\/p>\n<p>Votre r\u00e9gion, votre actu !<\/p>\n<p>Recevez chaque jour les infos qui comptent pour vous.<\/p>\n<p>\t<a href=\"https:\/\/actu.fr\/newsletter\" class=\"ac-btn ac-btn--corner ac-btn--medium ac-btn--blue800\" rel=\"nofollow noopener\" target=\"_blank\">S&rsquo;incrire<\/a><\/p>\n<p class=\" wall-content\">Une source confirme ce vendredi 5 septembre 2025 \u00e0<strong> M\u00e9tropolitain<\/strong>, que des organisations \u00a0criminelles, notamment la c\u00e9l\u00e8bre<strong> DZ Mafia<\/strong> des quartiers nord de Marseille qui \u00e9tend sa toile dans l\u2019<strong>H\u00e9rault<\/strong>, a d\u00e9j\u00e0 s\u00e9vi aupr\u00e8s de compagnies a\u00e9riennes et autres clubs d\u2019aviation dans les r\u00e9gions Occitanie et Paca, n\u2019h\u00e9sitant pas \u00e0 utiliser la mani\u00e8re forte. Ces mafieux pr\u00eats \u00e0 tout si on leur r\u00e9siste auraient tr\u00e8s bien pu engager des repris de justice locaux, avec un ou des complices au sein d\u2019Airways Aviation, pour op\u00e9rer et mettre un contrat \u00e0 ex\u00e9cution en cette nuit de mai dernier.<\/p>\n<p>Les missions de la section de recherches des Transports a\u00e9riens ?<\/p>\n<p class=\" wall-content\">Bas\u00e9e \u00e0 l\u2019a\u00e9roport de Roissy CDG, la section de recherches des Transports a\u00e9riens -SRTA- est plus particuli\u00e8rement comp\u00e9tente pour investiguer sur les catastrophes a\u00e9riennes, mais traite \u00e9galement des affaires criminelles plus classiques. B\u00e9n\u00e9ficiant d\u2019une comp\u00e9tence nationale, la section de recherches de la gendarmerie des Transports a\u00e9riens se charge des enqu\u00eates en lien avec les incidents et accidents a\u00e9riens quelle que soit la taille de l\u2019a\u00e9ronef, de l\u2019ULM jusqu\u2019\u00e0 l\u2019avion de ligne. Contribuant pleinement \u00e0 la s\u00e9curit\u00e9 et \u00e0 la s\u00fbret\u00e9 de l\u2019aviation civile, la SRTA dispose de sa propre Cellule d\u2019identification criminelle et num\u00e9rique a\u00e9ronautique, la Cicna, \u00e9quivalent de la cellule d\u2019identification criminelle du groupement de gendarmerie de l\u2019H\u00e9rault. \u00a0Elle est compos\u00e9e d\u2019enqu\u00eateurs a\u00e9ronautiques et de Techniciens en identification criminelle sp\u00e9cialis\u00e9s dans le milieu a\u00e9rien.<\/p>\n<p class=\" wall-content\">\u00ab\u00a0Nous disposons d\u2019enqu\u00eateurs d\u00e9tenant de nombreuses qualifications judiciaires (Anacrim, N-Tech, Defi, etc.) et en s\u00fbret\u00e9. Nous traitons judiciairement des adversaires pr\u00e9sentant une menace pour la s\u00fbret\u00e9 a\u00e9rienne ou qui d\u00e9voient le milieu a\u00e9ronautique : trafic de produits stup\u00e9fiants, de tabac, de contrefa\u00e7ons, fraudes \u00e0 la carte bancaire, vol de fret ou spoliations en tout genre, incendies criminels, etc.\u00a0\u00bb, explique un officier de la direction g\u00e9n\u00e9rale de la gendarmerie nationale.<\/p>\n<p class=\" wall-content\">Personnalisez votre actualit\u00e9 en ajoutant vos villes et m\u00e9dias en favori avec <a href=\"https:\/\/moncompte.actu.fr\" title=\"D\u00e9couvez Mon Actu\" rel=\"nofollow noopener\" data-trk=\"{&quot;cta&quot;:{&quot;action&quot;:&quot;https:\\\/\\\/moncompte.actu.fr&quot;,&quot;category&quot;:&quot;mon compte&quot;,&quot;from&quot;:&quot;article footer&quot;,&quot;name&quot;:&quot;Mon actu&quot;,&quot;type&quot;:&quot;cta&quot;}}\" target=\"_blank\">Mon Actu<\/a>.<\/p>\n","protected":false},"excerpt":{"rendered":"Par Jean-Marc Aubert Publi\u00e9 le 5 sept. 2025 \u00e0 18h20 Pr\u00e8s de quatre mois apr\u00e8s l\u2019incendie criminel de&hellip;\n","protected":false},"author":2,"featured_media":368984,"comment_status":"","ping_status":"","sticky":false,"template":"","format":"standard","meta":{"footnotes":""},"categories":[9599],"tags":[1111,11,1777,674,118,1011,27,3381,1310,2208,12,2680,25],"class_list":{"0":"post-368983","1":"post","2":"type-post","3":"status-publish","4":"format-standard","5":"has-post-thumbnail","7":"category-montpellier","8":"tag-actu","9":"tag-actualites","10":"tag-eu","11":"tag-europe","12":"tag-faits-divers","13":"tag-fr","14":"tag-france","15":"tag-gendarmerie","16":"tag-incendie","17":"tag-montpellier","18":"tag-news","19":"tag-occitanie","20":"tag-republique-francaise"},"share_on_mastodon":{"url":"https:\/\/pubeurope.com\/@fr\/115153561576156018","error":""},"_links":{"self":[{"href":"https:\/\/www.europesays.com\/fr\/wp-json\/wp\/v2\/posts\/368983","targetHints":{"allow":["GET"]}}],"collection":[{"href":"https:\/\/www.europesays.com\/fr\/wp-json\/wp\/v2\/posts"}],"about":[{"href":"https:\/\/www.europesays.com\/fr\/wp-json\/wp\/v2\/types\/post"}],"author":[{"embeddable":true,"href":"https:\/\/www.europesays.com\/fr\/wp-json\/wp\/v2\/users\/2"}],"replies":[{"embeddable":true,"href":"https:\/\/www.europesays.com\/fr\/wp-json\/wp\/v2\/comments?post=368983"}],"version-history":[{"count":0,"href":"https:\/\/www.europesays.com\/fr\/wp-json\/wp\/v2\/posts\/368983\/revisions"}],"wp:featuredmedia":[{"embeddable":true,"href":"https:\/\/www.europesays.com\/fr\/wp-json\/wp\/v2\/media\/368984"}],"wp:attachment":[{"href":"https:\/\/www.europesays.com\/fr\/wp-json\/wp\/v2\/media?parent=368983"}],"wp:term":[{"taxonomy":"category","embeddable":true,"href":"https:\/\/www.europesays.com\/fr\/wp-json\/wp\/v2\/categories?post=368983"},{"taxonomy":"post_tag","embeddable":true,"href":"https:\/\/www.europesays.com\/fr\/wp-json\/wp\/v2\/tags?post=368983"}],"curies":[{"name":"wp","href":"https:\/\/api.w.org\/{rel}","templated":true}]}}