{"id":368991,"date":"2025-09-05T20:29:10","date_gmt":"2025-09-05T20:29:10","guid":{"rendered":"https:\/\/www.europesays.com\/fr\/368991\/"},"modified":"2025-09-05T20:29:10","modified_gmt":"2025-09-05T20:29:10","slug":"chl-quel-match-des-bdl","status":"publish","type":"post","link":"https:\/\/www.europesays.com\/fr\/368991\/","title":{"rendered":"CHL. Quel match des BDL !"},"content":{"rendered":"<p>\u00a0<\/p>\n<p class=\"chapeau\">Les Br\u00fbleurs de Loups de Grenoble ont brillamment remport\u00e9 leur troisi\u00e8me match de Champions Hockey League ce vendredi 5 septembre sur la glace de Bremerhaven (8-5), gr\u00e2ce notamment \u00e0 un tripl\u00e9 d\u2019Alexandre Mallet et une performance XXL de toute l\u2019\u00e9quipe.<\/p>\n<p style=\"text-align: right;\">Cr\u00e9dit photo : Fabien Baldino<\/p>\n<p>Les BDL commencent id\u00e9alement la rencontre en marquant d\u00e8s les premi\u00e8res minutes par l\u2019interm\u00e9diaire d\u2019Alexandre Mallet. Six minutes plus tard, le d\u00e9fenseur Alexis Binner double la mise. Pourtant en inf\u00e9riorit\u00e9, les Grenoblois parviennent \u00e0 inscrire un troisi\u00e8me minute par l\u2019interm\u00e9diaire de Mathias Bachelet, au rebond d\u2019un tir d\u2019Aur\u00e9lien Dair. Les doutes install\u00e9s par le but allemand en fin de tiers sont balay\u00e9s imm\u00e9diatement au retour du vestiaire avec deux buts \u00e0 5vs3 d\u2019Alexandre Mallet, auteur d\u2019un tripl\u00e9 ce soir. Bremerhaven r\u00e9duit le score gr\u00e2ce \u00e0 Nino Kinder une minute plus tard. Le duo canadien Fran\u00e7ois Beauchemin \u2013 Christophe Boivin fait ensuite parler son talent avec un doubl\u00e9 du premier, assist\u00e9 \u00e0 deux reprises par le deuxi\u00e8me. Apr\u00e8s deux buts adverses, Valentin Grosset\u00eate marquera le huiti\u00e8me et dernier but grenoblois. Victorieux 8-5, les Br\u00fbleurs de Loups d\u00e9crochent ainsi leurs premiers points en Champions Hockey League. Reviendront-ils avec six points de leur p\u00e9riple en Allemagne ? R\u00e9ponse dimanche apr\u00e8s la rencontre contre l\u2019Eisb\u00e4ren Berlin !<\/p>\n<p>Calendrier et r\u00e9sultats des Br\u00fbleurs de Loups en CHL :<\/p>\n<ul>\n<li><strong>Jeudi 28 ao\u00fbt : Grenoble<\/strong>\u00a00-2 SC Bern (0-0 ; 0-2 ; 0-0)<\/li>\n<li><strong>Samedi 30 ao\u00fbt : Grenoble 1-5<\/strong>\u00a0EV Zug (0-3 ; 0-1 ; 1-1)<\/li>\n<li><strong>Vendredi 5 septembre<\/strong> : Pinguins Bremerhaven<strong> 5-8<\/strong> <strong>Grenoble\u00a0<\/strong>(1-3 ; 2-4 ; 2-1)<\/li>\n<li><strong>Dimanche 7 septembre<\/strong>\u00a0: Eisb\u00e4ren Berlin \u2013\u00a0<strong>Grenoble\u00a0<\/strong>(19h00)<\/li>\n<li><strong>Mercredi 8 octobre : Grenoble<\/strong>\u00a0<strong>\u2013\u00a0<\/strong>Lausanne HC (20h15)<\/li>\n<li><strong>Mardi 14 octobre :\u00a0<\/strong>Sparta Prague \u2013\u00a0<strong>Grenoble\u00a0<\/strong>(18h30)<\/li>\n<\/ul>\n","protected":false},"excerpt":{"rendered":"\u00a0 Les Br\u00fbleurs de Loups de Grenoble ont brillamment remport\u00e9 leur troisi\u00e8me match de Champions Hockey League ce&hellip;\n","protected":false},"author":2,"featured_media":368992,"comment_status":"","ping_status":"","sticky":false,"template":"","format":"standard","meta":{"footnotes":""},"categories":[9566],"tags":[1111,11,2430,1777,674,1011,27,2731,12,25],"class_list":{"0":"post-368991","1":"post","2":"type-post","3":"status-publish","4":"format-standard","5":"has-post-thumbnail","7":"category-grenoble","8":"tag-actu","9":"tag-actualites","10":"tag-auvergne-rhone-alpes","11":"tag-eu","12":"tag-europe","13":"tag-fr","14":"tag-france","15":"tag-grenoble","16":"tag-news","17":"tag-republique-francaise"},"share_on_mastodon":{"url":"https:\/\/pubeurope.com\/@fr\/115153585122674582","error":""},"_links":{"self":[{"href":"https:\/\/www.europesays.com\/fr\/wp-json\/wp\/v2\/posts\/368991","targetHints":{"allow":["GET"]}}],"collection":[{"href":"https:\/\/www.europesays.com\/fr\/wp-json\/wp\/v2\/posts"}],"about":[{"href":"https:\/\/www.europesays.com\/fr\/wp-json\/wp\/v2\/types\/post"}],"author":[{"embeddable":true,"href":"https:\/\/www.europesays.com\/fr\/wp-json\/wp\/v2\/users\/2"}],"replies":[{"embeddable":true,"href":"https:\/\/www.europesays.com\/fr\/wp-json\/wp\/v2\/comments?post=368991"}],"version-history":[{"count":0,"href":"https:\/\/www.europesays.com\/fr\/wp-json\/wp\/v2\/posts\/368991\/revisions"}],"wp:featuredmedia":[{"embeddable":true,"href":"https:\/\/www.europesays.com\/fr\/wp-json\/wp\/v2\/media\/368992"}],"wp:attachment":[{"href":"https:\/\/www.europesays.com\/fr\/wp-json\/wp\/v2\/media?parent=368991"}],"wp:term":[{"taxonomy":"category","embeddable":true,"href":"https:\/\/www.europesays.com\/fr\/wp-json\/wp\/v2\/categories?post=368991"},{"taxonomy":"post_tag","embeddable":true,"href":"https:\/\/www.europesays.com\/fr\/wp-json\/wp\/v2\/tags?post=368991"}],"curies":[{"name":"wp","href":"https:\/\/api.w.org\/{rel}","templated":true}]}}