{"id":368999,"date":"2025-09-05T20:33:16","date_gmt":"2025-09-05T20:33:16","guid":{"rendered":"https:\/\/www.europesays.com\/fr\/368999\/"},"modified":"2025-09-05T20:33:16","modified_gmt":"2025-09-05T20:33:16","slug":"foire-europeenne-de-strasbourg-2025-plus-de-100-000-personnes-attendues-la-93e-edition-est-lancee","status":"publish","type":"post","link":"https:\/\/www.europesays.com\/fr\/368999\/","title":{"rendered":"Foire europ\u00e9enne de Strasbourg 2025. Plus de 100\u00a0000 personnes attendues, la 93e \u00e9dition est lanc\u00e9e\u00a0!"},"content":{"rendered":"<p>\u00ab\u00a0Niveau stress, les professionnels de l\u2019\u00e9v\u00e9nementiel arrivent en 5e \u00a0position juste apr\u00e8s les militaires, les pompiers, les pilotes d\u2019avion et les policiers\u00a0\u00bb, a fait remarquer le directeur g\u00e9n\u00e9ral de Strasbourg Events, Christophe Caillaud-Joos. De quoi amuser son auditoire, mais aussi mettre en avant la masse de travail que constitue l\u2019organisation d\u2019une foire g\u00e9n\u00e9rale qui se pr\u00e9pare un an \u00e0 l\u2019avance. Saluant le travail de ses \u00e9quipes, il a appel\u00e9 sur la sc\u00e8ne une trentaine de salari\u00e9s pour qu\u2019ils soient applaudis et donner ainsi un visage concret \u00e0 la soci\u00e9t\u00e9 d\u2019\u00e9conomie mixte (EMS et GL Events) \u00e0 l\u2019\u0153uvre durant ces dix jours de <a href=\"https:\/\/www.dna.fr\/culture-loisirs\/2025\/09\/03\/exposants-animations-les-nouveautes-et-les-classiques-a-ne-pas-rater\" target=\"_blank\" rel=\"noopener\">la Foire europ\u00e9enne<\/a>.<\/p>\n<p>Ce contenu est bloqu\u00e9 car vous n&rsquo;avez pas accept\u00e9 les cookies et autres traceurs.<\/p>\n<p>En cliquant sur \u00ab J\u2019accepte \u00bb, les cookies et autres traceurs seront d\u00e9pos\u00e9s et vous pourrez visualiser les contenus  (<a href=\"\" class=\"consentModule_policy\" target=\"_blank\" title=\"Consulter la politique de protection des donn\u00e9es du fournisseur\">plus d&rsquo;informations<\/a>).<\/p>\n<p>En cliquant sur \u00ab J\u2019accepte tous les cookies \u00bb, vous autorisez des d\u00e9p\u00f4ts de cookies et autres traceurs pour le stockage de vos donn\u00e9es sur nos sites et applications \u00e0 des fins de personnalisation et de ciblage publicitaire.<\/p>\n<p class=\"consentModule_secondaryText\">Vous gardez la possibilit\u00e9 de retirer votre consentement \u00e0 tout moment en consultant notre <a href=\"https:\/\/www.dna.fr\/protection-des-donnees\" target=\"_blank\" title=\"Consulter notre politique de protection des donn\u00e9es\" rel=\"noopener\">politique de protection des donn\u00e9es<\/a>. <br \/>&#13;<br \/>\n            <a href=\"https:\/\/www.dna.fr\/culture-loisirs\/2025\/09\/05\/javascript:Didomi.notice.show()\" class=\"consentModule_cmp\" target=\"_blank\" rel=\"noopener\">G\u00e9rer mes choix<\/a>&#13;\n        <\/p>\n<p>&#13;<br \/>\n                        J&rsquo;accepte&#13;<br \/>\n            J&rsquo;accepte tous les cookies&#13;\n        <\/p>\n<p>Niveau \u00ab\u00a0team building\u00a0\u00bb (coh\u00e9sion de groupe) et de mise en avant du collectif, on ne fait pas mieux. De l\u2019\u00e9nergie positive, il leur en faudra pendant les dix jours de cette foire qui est \u00e0 la fois \u00ab\u00a0un lieu de rencontres \u00e9conomiques\u00a0\u00bb, une \u00ab\u00a0vitrine du savoir-faire r\u00e9gional\u00a0\u00bb, mais \u00e9galement \u00ab\u00a0un lieu de transmission de talent\u00a0\u00bb, comme l\u2019a expliqu\u00e9 Alexandra Rousier, pr\u00e9sidente du directoire de Strasbourg-Events. C\u2019est l\u00e0 que \u00ab\u00a0les coop\u00e9rations s\u2019esquissent\u00a0\u00bb et que les \u00ab\u00a0nouvelles dynamiques\u00a0\u00bb naissent.<\/p>\n<p>  \u00ab\u00a0Du positif et du festif dans un contexte global qui l\u2019est moins\u00a0\u00bb<\/p>\n<p>Mais c\u2019est aussi l\u00e0 \u00ab\u00a0que l\u2019\u00e9conomie c\u00f4toie la culture\u00a0\u00bb, \u00ab\u00a0le local, l\u2019Europe\u00a0\u00bb, et qu\u2019il y a \u00ab\u00a0du positif et du festif dans un contexte global qui l\u2019est moins\u00a0\u00bb, a-t-elle rappel\u00e9. Pour s\u2019en convaincre, il suffisait de marcher dans les jardins, en contrebas du salon rouge Curie du PMC \u2013 o\u00f9 se d\u00e9roulait la partie officielle. Nombre d\u2019engins militaires et de secours \u00e0 la personne jalonnent les all\u00e9es. Les trois arm\u00e9es (Terre, Marine et Air) recrutent dans toutes les professions et le font savoir.<\/p>\n<p>N\u2019emp\u00eache qu\u2019au vu du nombre de spas, de toutes les couleurs et dimensions, et les food-trucks vari\u00e9s, avec lesquels les militaires partagent une fronti\u00e8re virtuelle sous les grands arbres devant le PMC, on peut aussi penser que les visiteurs ont la t\u00eate \u00e0 la d\u00e9tente. \u00ab\u00a0C\u2019est la foire dans toute sa splendeur\u00a0\u00bb, a r\u00e9sum\u00e9 Antonella Fontana, consule g\u00e9n\u00e9rale d\u2019Italie, en pr\u00e9sentant le Village italien (gastronomie et artisanat), et les somptueux ambassadeurs v\u00e9nitiens en costume de carnaval. On ne saurait mieux dire.<\/p>\n","protected":false},"excerpt":{"rendered":"\u00ab\u00a0Niveau stress, les professionnels de l\u2019\u00e9v\u00e9nementiel arrivent en 5e \u00a0position juste apr\u00e8s les militaires, les pompiers, les pilotes&hellip;\n","protected":false},"author":2,"featured_media":369000,"comment_status":"","ping_status":"","sticky":false,"template":"","format":"standard","meta":{"footnotes":""},"categories":[2820],"tags":[1111,11,4406,130,1687,33,2880,1777,674,107,1685,1011,27,775,12,25,640,2879],"class_list":{"0":"post-368999","1":"post","2":"type-post","3":"status-publish","4":"format-standard","5":"has-post-thumbnail","7":"category-strasbourg","8":"tag-actu","9":"tag-actualites","10":"tag-commerce-et-services","11":"tag-consommation","12":"tag-culture-loisirs","13":"tag-economie","14":"tag-edition-strasbourg","15":"tag-eu","16":"tag-europe","17":"tag-fil-info","18":"tag-foire-et-salon","19":"tag-fr","20":"tag-france","21":"tag-grand-est","22":"tag-news","23":"tag-republique-francaise","24":"tag-strasbourg","25":"tag-strasbourg-ville"},"share_on_mastodon":{"url":"https:\/\/pubeurope.com\/@fr\/115153600835818841","error":""},"_links":{"self":[{"href":"https:\/\/www.europesays.com\/fr\/wp-json\/wp\/v2\/posts\/368999","targetHints":{"allow":["GET"]}}],"collection":[{"href":"https:\/\/www.europesays.com\/fr\/wp-json\/wp\/v2\/posts"}],"about":[{"href":"https:\/\/www.europesays.com\/fr\/wp-json\/wp\/v2\/types\/post"}],"author":[{"embeddable":true,"href":"https:\/\/www.europesays.com\/fr\/wp-json\/wp\/v2\/users\/2"}],"replies":[{"embeddable":true,"href":"https:\/\/www.europesays.com\/fr\/wp-json\/wp\/v2\/comments?post=368999"}],"version-history":[{"count":0,"href":"https:\/\/www.europesays.com\/fr\/wp-json\/wp\/v2\/posts\/368999\/revisions"}],"wp:featuredmedia":[{"embeddable":true,"href":"https:\/\/www.europesays.com\/fr\/wp-json\/wp\/v2\/media\/369000"}],"wp:attachment":[{"href":"https:\/\/www.europesays.com\/fr\/wp-json\/wp\/v2\/media?parent=368999"}],"wp:term":[{"taxonomy":"category","embeddable":true,"href":"https:\/\/www.europesays.com\/fr\/wp-json\/wp\/v2\/categories?post=368999"},{"taxonomy":"post_tag","embeddable":true,"href":"https:\/\/www.europesays.com\/fr\/wp-json\/wp\/v2\/tags?post=368999"}],"curies":[{"name":"wp","href":"https:\/\/api.w.org\/{rel}","templated":true}]}}