{"id":369009,"date":"2025-09-05T20:39:18","date_gmt":"2025-09-05T20:39:18","guid":{"rendered":"https:\/\/www.europesays.com\/fr\/369009\/"},"modified":"2025-09-05T20:39:18","modified_gmt":"2025-09-05T20:39:18","slug":"stade-toulousain-bordeaux-pas-encore-au-niveau-de-toulouse-guy-noves-legendaire-manager-rouge-et-noir-analyse-la-rivalite-avec-lubb","status":"publish","type":"post","link":"https:\/\/www.europesays.com\/fr\/369009\/","title":{"rendered":"Stade Toulousain\u00a0: \u00ab\u00a0Bordeaux, pas encore au niveau de Toulouse\u00a0!\u00a0\u00bb Guy Nov\u00e8s, l\u00e9gendaire manager \u00ab\u00a0rouge et noir\u00a0\u00bb, analyse la rivalit\u00e9 avec l\u2019UBB"},"content":{"rendered":"<p>\n                                                                    l&rsquo;essentiel<br \/>\n                                                                \u00c0 la veille de la reprise du Top 4, l\u2019ancien entra\u00eeneur embl\u00e9matique du club de la Ville rose d\u00e9crypte le duel Toulouse\/Bordeaux qui devrait animer les hautes sph\u00e8res du classement.\n                            <\/p>\n<p>Le Stade Toulousain d\u00e9bute la saison 2025-2026 du Top 14 avec l\u2019ambition de d\u00e9crocher un quatri\u00e8me Brennus cons\u00e9cutif, un exploit in\u00e9dit depuis le milieu des ann\u00e9es 90. Premier rendez-vous pour les \u00ab\u00a0rouge et noir\u00a0\u00bb\u00a0: ce dimanche 7\u00a0septembre, \u00e0 Clermont (21h05). Pour Guy Nov\u00e8s, ancien entra\u00eeneur embl\u00e9matique du club toulousain, cette qu\u00eate de l\u2019histoire est autant un d\u00e9fi qu\u2019une pression pour les hommes du manager Ugo Mola.<\/p>\n<p class=\"std-elt__inline\">\n        <strong>\u00c0 lire aussi :<\/strong><br \/>\n        <a href=\"https:\/\/www.ladepeche.fr\/2025\/09\/05\/stade-toulousain-si-certains-peuvent-faire-nimporte-quoi-nous-nous-sommes-dans-la-legalite-la-violente-charge-contre-toulouse-dun-president-de-top-14-12912962.php\" rel=\"nofollow noopener\" target=\"_blank\">Stade Toulousain\u00a0: \u00ab\u00a0Si certains peuvent faire n\u2019importe quoi, nous, nous sommes dans la l\u00e9galit\u00e9\u00a0!\u00a0\u00bb La violente charge contre Toulouse d\u2019un pr\u00e9sident de Top 14<\/a>\n    <\/p>\n<p>\u00ab\u00a0Le premier pi\u00e8ge serait de penser \u00e0 ce quadrupl\u00e9\u00a0\u00bb, avertit Nov\u00e8s dans les colonnes de <a href=\"https:\/\/www.sudouest.fr\/sport\/rugby\/stade-toulousain\/reprise-du-top-14-guy-noves-les-toulousains-gagnent-quand-ils-l-ont-decide-25769981.php\" target=\"_blank\" rel=\"nofollow noopener\">Sud-Ouest<\/a>. \u00ab\u00a0Il ne faut pas \u00eatre obnubil\u00e9 par ce r\u00e9sultat d\u00e8s le d\u00e9but de saison. L\u2019objectif imm\u00e9diat, c\u2019est de gagner match apr\u00e8s match, en visant \u00e9galement la Coupe d\u2019Europe.\u00a0\u00bb Selon lui, la focalisation excessive sur le record pourrait \u00e9teindre les \u00e9nergies d\u2019une \u00e9quipe d\u00e9j\u00e0 sollicit\u00e9e sur tous les fronts.<\/p>\n<p>L\u2019ancien coach rappelle l\u2019importance de se r\u00e9inventer en permanence. \u00ab\u00a0Aujourd\u2019hui, le staff compte 26 personnes et pr\u00e8s de 50 joueurs ont \u00e9t\u00e9 utilis\u00e9s la saison derni\u00e8re. Il faut constamment proposer de nouvelles m\u00e9thodes, de nouveaux discours. La routine \u00e9teint les motivations\u00a0\u00bb, souligne-t-il. Une exigence n\u00e9cessaire pour maintenir un niveau de performance \u00e9lev\u00e9 dans un championnat toujours plus comp\u00e9titif.<\/p>\n<p class=\"std-elt__inline\">\n        <strong>\u00c0 lire aussi :<\/strong><br \/>\n        <a href=\"https:\/\/www.ladepeche.fr\/2025\/09\/05\/stade-toulousain-ne-tombez-pas-dans-le-panneau-ugo-mola-repond-sechement-aux-critiques-contre-le-joueur-star-et-alerte-sur-le-dupont-bashing-12912961.php\" rel=\"nofollow noopener\" target=\"_blank\">Stade Toulousain\u00a0: \u00ab\u00a0Ne tombez pas dans le panneau\u00a0!\u00a0\u00bb Ugo Mola r\u00e9pond s\u00e8chement aux critiques contre le joueur star et alerte sur le \u00ab\u00a0Dupont bashing\u00a0\u00bb<\/a>\n    <\/p>\n<p>Concernant la motivation de cette g\u00e9n\u00e9ration toulousaine, Nov\u00e8s se montre prudent. \u00ab\u00a0Les joueurs ne cherchent pas forc\u00e9ment \u00e0 \u00e9galer un record historique. Pour eux, \u00eatre en phases finales est banal\u00a0: gagner, c\u2019est \u00eatre au centre de la cible. Et ils y sont tout le temps\u00a0\u00bb, explique-t-il.<\/p>\n<p>Enfin, Guy Nov\u00e8s s\u2019est pench\u00e9 sur le rapport de force avec l\u2019Union Bordeaux-B\u00e8gles, que les Toulousains ont battu en finale du championnat ces deux derni\u00e8res saisons, mais face auxquels ils ont tr\u00e9buch\u00e9 en finale de Champions Cup. Comp\u00e9tition que les Bordelais ont finalement remport\u00e9e. \u00ab\u00a0Bordeaux se rapproche de Toulouse, mais elle n\u2019a pas le m\u00eame effectif ni la m\u00eame profondeur. Les Toulousains gagnent lorsqu\u2019ils l\u2019ont vraiment d\u00e9cid\u00e9, et je ne suis pas s\u00fbr que l\u2019inverse soit vrai\u00a0\u00bb, analyse-t-il.<\/p>\n<p class=\"std-elt__inline\">\n        <strong>\u00c0 lire aussi :<\/strong><br \/>\n        <a href=\"https:\/\/www.ladepeche.fr\/2025\/09\/05\/reprise-du-top-14-carton-orange-severite-renforcee-lors-de-certaines-phases-de-jeu-on-vous-explique-les-nouvelles-mesures-disciplinaires-12912758.php\" rel=\"nofollow noopener\" target=\"_blank\">Reprise du Top 14\u00a0: carton orange, s\u00e9v\u00e9rit\u00e9 renforc\u00e9e lors de certaines phases de jeu\u2026 On vous explique les nouvelles mesures disciplinaires<\/a>\n    <\/p>\n<p>Avant de conclure\u00a0: \u00ab\u00a0Encore une fois, l\u2019UBB se rapproche de Toulouse. Mais elle n\u2019est pas encore \u00e0 son niveau.\u00a0\u00bb<\/p>\n","protected":false},"excerpt":{"rendered":"l&rsquo;essentiel \u00c0 la veille de la reprise du Top 4, l\u2019ancien entra\u00eeneur embl\u00e9matique du club de la Ville&hellip;\n","protected":false},"author":2,"featured_media":369010,"comment_status":"","ping_status":"","sticky":false,"template":"","format":"standard","meta":{"footnotes":""},"categories":[2817],"tags":[1111,11,1997,1777,674,1011,27,12,2219,25],"class_list":{"0":"post-369009","1":"post","2":"type-post","3":"status-publish","4":"format-standard","5":"has-post-thumbnail","7":"category-bordeaux","8":"tag-actu","9":"tag-actualites","10":"tag-bordeaux","11":"tag-eu","12":"tag-europe","13":"tag-fr","14":"tag-france","15":"tag-news","16":"tag-nouvelle-aquitaine","17":"tag-republique-francaise"},"share_on_mastodon":{"url":"https:\/\/pubeurope.com\/@fr\/115153624406563900","error":""},"_links":{"self":[{"href":"https:\/\/www.europesays.com\/fr\/wp-json\/wp\/v2\/posts\/369009","targetHints":{"allow":["GET"]}}],"collection":[{"href":"https:\/\/www.europesays.com\/fr\/wp-json\/wp\/v2\/posts"}],"about":[{"href":"https:\/\/www.europesays.com\/fr\/wp-json\/wp\/v2\/types\/post"}],"author":[{"embeddable":true,"href":"https:\/\/www.europesays.com\/fr\/wp-json\/wp\/v2\/users\/2"}],"replies":[{"embeddable":true,"href":"https:\/\/www.europesays.com\/fr\/wp-json\/wp\/v2\/comments?post=369009"}],"version-history":[{"count":0,"href":"https:\/\/www.europesays.com\/fr\/wp-json\/wp\/v2\/posts\/369009\/revisions"}],"wp:featuredmedia":[{"embeddable":true,"href":"https:\/\/www.europesays.com\/fr\/wp-json\/wp\/v2\/media\/369010"}],"wp:attachment":[{"href":"https:\/\/www.europesays.com\/fr\/wp-json\/wp\/v2\/media?parent=369009"}],"wp:term":[{"taxonomy":"category","embeddable":true,"href":"https:\/\/www.europesays.com\/fr\/wp-json\/wp\/v2\/categories?post=369009"},{"taxonomy":"post_tag","embeddable":true,"href":"https:\/\/www.europesays.com\/fr\/wp-json\/wp\/v2\/tags?post=369009"}],"curies":[{"name":"wp","href":"https:\/\/api.w.org\/{rel}","templated":true}]}}