{"id":369023,"date":"2025-09-05T20:46:12","date_gmt":"2025-09-05T20:46:12","guid":{"rendered":"https:\/\/www.europesays.com\/fr\/369023\/"},"modified":"2025-09-05T20:46:12","modified_gmt":"2025-09-05T20:46:12","slug":"ce-gateau-lyonnais-mythique-cree-pour-paul-bocuse-fete-ses-50-ans","status":"publish","type":"post","link":"https:\/\/www.europesays.com\/fr\/369023\/","title":{"rendered":"Ce g\u00e2teau lyonnais mythique, cr\u00e9\u00e9 pour Paul Bocuse, f\u00eate ses 50 ans"},"content":{"rendered":"<p>La Maison Bernachon, c\u00e9l\u00e8bre chocolatier bas\u00e9 dans le 6e arrondissement de Lyon, c\u00e9l\u00e8bre les 50 ans de son g\u00e2teau \u00ab\u00a0Le Pr\u00e9sident\u00a0\u00bb. Une p\u00e2tisserie cr\u00e9\u00e9e en 1975 et qui est remise en boutique pour l&rsquo;occasion !<\/p>\n<p>\u00ab\u00a0G\u00e9noise, ganache pralin\u00e9 noisettes, des bigarreaux blancs confits \u00e0 la liqueur de cerise artisanalement \u00e9labor\u00e9e dans les Monts du lyonnais par la Maison Crozet, le tout coiff\u00e9 de copeaux de chocolat noir r\u00e9alis\u00e9s gr\u00e2ce \u00e0 une technique unique.\u00a0\u00bb<\/p>\n<p>\u00ab\u00a0Le Pr\u00e9sident\u00a0\u00bb, une cr\u00e9ation lyonnaise historique<\/p>\n<p>Connaissez-vous <b>\u00ab\u00a0Le Pr\u00e9sident\u00a0\u00bb<\/b> ? Cr\u00e9\u00e9e <b>en 1975<\/b> \u00e0 l&rsquo;occasion de la remise de la L\u00e9gion d&rsquo;honneur \u00e0 <b>Paul Bocuse<\/b> par le pr\u00e9sident Val\u00e9ry Giscard d&rsquo;Estaing, ce g\u00e2teau a \u00e9t\u00e9 con\u00e7u par le ma\u00eetre chocolatier lyonnais <b>Maurice Bernachon<\/b>.<\/p>\n<p>En 2025, cette cr\u00e9ation qui \u00ab\u00a0incarne\u00a0l&rsquo;alliance parfaite entre patrimoine et histoire gastronomique\u00a0\u00bb f\u00eate ses 50 ans.<\/p>\n<p>Pour son anniversaire, \u00ab\u00a0Le Pr\u00e9sident\u00a0\u00bb revient en boutique et se d\u00e9cline de mani\u00e8re individuelle. Il est donc possible de s&rsquo;en procurer une part. Un r\u00e9gal pour les papilles !<\/p>\n<p>O\u00f9 d\u00e9guster \u00ab\u00a0Le Pr\u00e9sident\u00a0\u00bb \u00e0 Lyon ?<\/p>\n<p>Depuis ce vendredi 5 septembre 2025, il est donc possible de venir d\u00e9guster ou acheter une version individuelle du \u00ab\u00a0Pr\u00e9sident\u00a0\u00bb \u00e0\u00a0<a class=\"url\" href=\"https:\/\/www.bernachon.com\/fr\/restaurant---salon-de-the\" target=\"_blank\" rel=\"noopener\">la Chocolaterie Bernachon<\/a> (42 Cr Franklin Roosevelt, 6e arrondissement).<\/p>\n<p>\u00ab\u00a0Le Pr\u00e9sident\u00a0\u00bb a aussi \u00e9t\u00e9 d\u00e9clin\u00e9 sous une nouvelle forme, fusionn\u00e9 avec le \u00ab\u00a0Palet d&rsquo;Or\u00a0\u00bb pour donner <b>le \u00ab\u00a0Palet Pr\u00e9sident\u00a0\u00bb<\/b>.<\/p>\n<p>Pour se faire plaisir, il faudra d\u00e9bourser 7,50 euros pour la version individuel \u00ab\u00a0Le Pr\u00e9sident\u00a0\u00bb et 16 euros pour le \u00ab\u00a0Palet Pr\u00e9sident\u00a0\u00bb (110 g).<\/p>\n<tr>\n<td class=\"defaut\"><a href=\"https:\/\/www.radioscoop.com\/infos\/javascript:void(0)\" onclick=\"parent.RS.diaporama.addMedia(706077) ;\" target=\"_blank\" rel=\"noopener\"><img loading=\"lazy\" decoding=\"async\" src=\"https:\/\/www.europesays.com\/fr\/wp-content\/uploads\/2025\/09\/1757105172_388_img\" width=\"427\" height=\"640\" border=\"0\" title=\"\u00a9 Mathieu Cellard\"\/><\/a><\/td>\n<\/tr>\n<tr\/><img loading=\"lazy\" decoding=\"async\" src=\"https:\/\/www.europesays.com\/fr\/wp-content\/uploads\/2025\/09\/1757105172_535_img\" width=\"350\" height=\"200\" border=\"0\" title=\"La boutique Haribo \u00c3\u00a0 Lyon\"\/><\/p>\n<p>\u25baConso<\/p>\n<p style=\"font-size: 22px;\"><b>Lyon : la boutique Haribo va d\u00e9m\u00e9nager en septembre<\/b><\/p>\n<p>La boutique Haribo de la rue de la R\u00e9publique va&#8230;<\/p>\n<p><\/p>\n","protected":false},"excerpt":{"rendered":"La Maison Bernachon, c\u00e9l\u00e8bre chocolatier bas\u00e9 dans le 6e arrondissement de Lyon, c\u00e9l\u00e8bre les 50 ans de son&hellip;\n","protected":false},"author":2,"featured_media":369024,"comment_status":"","ping_status":"","sticky":false,"template":"","format":"standard","meta":{"footnotes":""},"categories":[1889],"tags":[1111,11,2430,9623,1777,674,1011,27,50346,2428,50344,12,50345,25],"class_list":{"0":"post-369023","1":"post","2":"type-post","3":"status-publish","4":"format-standard","5":"has-post-thumbnail","7":"category-lyon","8":"tag-actu","9":"tag-actualites","10":"tag-auvergne-rhone-alpes","11":"tag-chocolaterie","12":"tag-eu","13":"tag-europe","14":"tag-fr","15":"tag-france","16":"tag-gteau","17":"tag-lyon","18":"tag-maison-bernachon","19":"tag-news","20":"tag-prsident","21":"tag-republique-francaise"},"share_on_mastodon":{"url":"https:\/\/pubeurope.com\/@fr\/115153652577354828","error":""},"_links":{"self":[{"href":"https:\/\/www.europesays.com\/fr\/wp-json\/wp\/v2\/posts\/369023","targetHints":{"allow":["GET"]}}],"collection":[{"href":"https:\/\/www.europesays.com\/fr\/wp-json\/wp\/v2\/posts"}],"about":[{"href":"https:\/\/www.europesays.com\/fr\/wp-json\/wp\/v2\/types\/post"}],"author":[{"embeddable":true,"href":"https:\/\/www.europesays.com\/fr\/wp-json\/wp\/v2\/users\/2"}],"replies":[{"embeddable":true,"href":"https:\/\/www.europesays.com\/fr\/wp-json\/wp\/v2\/comments?post=369023"}],"version-history":[{"count":0,"href":"https:\/\/www.europesays.com\/fr\/wp-json\/wp\/v2\/posts\/369023\/revisions"}],"wp:featuredmedia":[{"embeddable":true,"href":"https:\/\/www.europesays.com\/fr\/wp-json\/wp\/v2\/media\/369024"}],"wp:attachment":[{"href":"https:\/\/www.europesays.com\/fr\/wp-json\/wp\/v2\/media?parent=369023"}],"wp:term":[{"taxonomy":"category","embeddable":true,"href":"https:\/\/www.europesays.com\/fr\/wp-json\/wp\/v2\/categories?post=369023"},{"taxonomy":"post_tag","embeddable":true,"href":"https:\/\/www.europesays.com\/fr\/wp-json\/wp\/v2\/tags?post=369023"}],"curies":[{"name":"wp","href":"https:\/\/api.w.org\/{rel}","templated":true}]}}