{"id":369025,"date":"2025-09-05T20:47:13","date_gmt":"2025-09-05T20:47:13","guid":{"rendered":"https:\/\/www.europesays.com\/fr\/369025\/"},"modified":"2025-09-05T20:47:13","modified_gmt":"2025-09-05T20:47:13","slug":"attention-de-tres-fortes-perturbations-attendues-lundi","status":"publish","type":"post","link":"https:\/\/www.europesays.com\/fr\/369025\/","title":{"rendered":"attention, de \u00ab\u00a0tr\u00e8s fortes perturbations\u00a0\u00bb attendues lundi"},"content":{"rendered":"<p>Lundi s\u2019annonce plus que compliqu\u00e9 sur le r\u00e9seau des TCL (transports en commun lyonnais). \u00ab\u00a0En raison d\u2019un mouvement social g\u00e9n\u00e9ralis\u00e9, certaines lignes des zones 1 et 2 du r\u00e9seau TCL seront tr\u00e8s fortement perturb\u00e9es ce lundi 8\u00a0septembre. L\u2019offre de transport \u00e9tant fortement r\u00e9duite, nous recommandons \u00e0 nos usagers d\u2019anticiper leurs d\u00e9placements, de privil\u00e9gier des solutions alternatives lorsque cela est possible\u00a0\u00bb, indique le service TCL relation usagers, dans un communiqu\u00e9, ce vendredi apr\u00e8s-midi.<\/p>\n<p>  Un lundi noir\u00a0?<\/p>\n<p>C\u00f4t\u00e9 transport scolaire, les lignes Junior Direct circuleront normalement. Pour les m\u00e9tros, tramways, funiculaires et les autres lignes de bus, les perturbations seront tr\u00e8s importantes. Les agents TCL sont appel\u00e9s \u00e0 la gr\u00e8ve par les organisations syndicales, qui pointent notamment des NAO (N\u00e9gociations annuelles obligatoires) insuffisantes \u00e0 hauteur de 1\u00a0% avant l\u2019\u00e9t\u00e9. Ils r\u00e9clament une augmentation de 7\u00a0%. Ils d\u00e9noncent aussi l\u2019allotissement d\u00e9cid\u00e9 par Sytral mobilit\u00e9s, l\u2019autorit\u00e9 organisatrice des mobilit\u00e9s, pr\u00e9sid\u00e9e par <a href=\"https:\/\/www.leprogres.fr\/p\/bruno-bernard\" target=\"_blank\" rel=\"noopener\">Bruno Bernard<\/a>, \u00e9galement pr\u00e9sident \u00e9cologiste de la M\u00e9tropole.<\/p>\n<p>Pour rappel, depuis le 1er \u00a0janvier, l\u2019allotissement a scind\u00e9 l\u2019exploitation du r\u00e9seau TCL. D\u00e9sormais, Keolis Bus Lyon est en charge des bus, tandis que RATP Dev Lyon exploite les modes lourds, m\u00e9tros, tramways et funiculaires pour le compte de Sytral mobilit\u00e9s, les agents TCL ne d\u00e9pendent donc plus d\u2019une m\u00eame entreprise comme c\u2019\u00e9tait le cas auparavant.<\/p>\n<p>  Salaires et conditions de travail<\/p>\n<p>\u00ab\u00a0Cette mobilisation est la cons\u00e9quence directe des choix politiques du Sytral, qui porte une lourde responsabilit\u00e9 dans la situation actuelle. C\u2019est le Sytral qui a impos\u00e9 l\u2019allotissement du r\u00e9seau, fragilisant l\u2019organisation du travail et la continuit\u00e9 du service, c\u2019est encore le Sytral qui bride RATP Dev dans la conduite des NAO, emp\u00eachant toute avanc\u00e9e salariale significative\u00a0\u00bb, estime le syndicat FO RATP Dev Lyon.<\/p>\n<p>Les syndicats CGT visent aussi l\u2019allotissement, une d\u00e9cision qu\u2019ils jugent \u00ab\u00a0\u00e0 rebours du progr\u00e8s social et un aboutissement des logiques lib\u00e9rales des services publics\u00a0\u00bb.<\/p>\n<p>Outre les salaires, les organisations syndicales alertent aussi \u00ab\u00a0sur des conditions de travail qui se d\u00e9t\u00e9riorent\u00a0\u00bb et \u00ab\u00a0un manque de reconnaissance\u00a0\u00bb des agents du r\u00e9seau TCL. Ces derniers se retrouveront lundi matin devant le Sytral, \u00e0 <a href=\"https:\/\/www.leprogres.fr\/p\/part-dieu-lyon\" target=\"_blank\" rel=\"noopener\">la Part-Dieu<\/a>, \u00e0 Lyon 3e.<\/p>\n<p class=\"note\">\u00a0Le d\u00e9tail des lignes touch\u00e9es sera disponible d\u00e8s ce samedi 6\u00a0septembre au soir sur <a href=\"https:\/\/www.tcl.fr\" target=\"_blank\" rel=\"noopener\">www.tcl.fr<\/a><\/p>\n","protected":false},"excerpt":{"rendered":"Lundi s\u2019annonce plus que compliqu\u00e9 sur le r\u00e9seau des TCL (transports en commun lyonnais). \u00ab\u00a0En raison d\u2019un mouvement&hellip;\n","protected":false},"author":2,"featured_media":369026,"comment_status":"","ping_status":"","sticky":false,"template":"","format":"standard","meta":{"footnotes":""},"categories":[1889],"tags":[1111,11,2430,3542,9671,2757,1777,674,107,1011,27,2428,2756,12,25,2429,801,2803],"class_list":{"0":"post-369025","1":"post","2":"type-post","3":"status-publish","4":"format-standard","5":"has-post-thumbnail","7":"category-lyon","8":"tag-actu","9":"tag-actualites","10":"tag-auvergne-rhone-alpes","11":"tag-circulation","12":"tag-conflit-social","13":"tag-edition-lyon-villeurbanne","14":"tag-eu","15":"tag-europe","16":"tag-fil-info","17":"tag-fr","18":"tag-france","19":"tag-lyon","20":"tag-lyon-bassin","21":"tag-news","22":"tag-republique-francaise","23":"tag-rhone","24":"tag-social","25":"tag-transport"},"share_on_mastodon":{"url":"https:\/\/pubeurope.com\/@fr\/115153655757597848","error":""},"_links":{"self":[{"href":"https:\/\/www.europesays.com\/fr\/wp-json\/wp\/v2\/posts\/369025","targetHints":{"allow":["GET"]}}],"collection":[{"href":"https:\/\/www.europesays.com\/fr\/wp-json\/wp\/v2\/posts"}],"about":[{"href":"https:\/\/www.europesays.com\/fr\/wp-json\/wp\/v2\/types\/post"}],"author":[{"embeddable":true,"href":"https:\/\/www.europesays.com\/fr\/wp-json\/wp\/v2\/users\/2"}],"replies":[{"embeddable":true,"href":"https:\/\/www.europesays.com\/fr\/wp-json\/wp\/v2\/comments?post=369025"}],"version-history":[{"count":0,"href":"https:\/\/www.europesays.com\/fr\/wp-json\/wp\/v2\/posts\/369025\/revisions"}],"wp:featuredmedia":[{"embeddable":true,"href":"https:\/\/www.europesays.com\/fr\/wp-json\/wp\/v2\/media\/369026"}],"wp:attachment":[{"href":"https:\/\/www.europesays.com\/fr\/wp-json\/wp\/v2\/media?parent=369025"}],"wp:term":[{"taxonomy":"category","embeddable":true,"href":"https:\/\/www.europesays.com\/fr\/wp-json\/wp\/v2\/categories?post=369025"},{"taxonomy":"post_tag","embeddable":true,"href":"https:\/\/www.europesays.com\/fr\/wp-json\/wp\/v2\/tags?post=369025"}],"curies":[{"name":"wp","href":"https:\/\/api.w.org\/{rel}","templated":true}]}}