{"id":369035,"date":"2025-09-05T20:53:11","date_gmt":"2025-09-05T20:53:11","guid":{"rendered":"https:\/\/www.europesays.com\/fr\/369035\/"},"modified":"2025-09-05T20:53:11","modified_gmt":"2025-09-05T20:53:11","slug":"sa-fille-paris-denonce-un-recit-inexact-et-mensonger","status":"publish","type":"post","link":"https:\/\/www.europesays.com\/fr\/369035\/","title":{"rendered":"sa fille, Paris, d\u00e9nonce un r\u00e9cit \u00ab\u00a0inexact et mensonger\u00a0\u00bb"},"content":{"rendered":"<p class=\"article-p mdl\">La guerre est d\u00e9clar\u00e9e entre Paris Jackson et les r\u00e9alisateurs du biopic consacr\u00e9 \u00e0 son p\u00e8re, Michael Jackson. Elle l\u2019a fait savoir sur les r\u00e9seaux sociaux, comme l\u2019explique\u00a0<a class=\"link\" href=\"https:\/\/www.bfmtv.com\/people\/cinema\/des-mensonges-ehontes-paris-jackson-se-desolidarise-du-biopic-michael-sur-le-roi-de-la-pop_AN-202509050566.html\" target=\"_blank\" rel=\"nofollow noopener\">BFMTV<\/a>. La<a class=\"link\" href=\"https:\/\/www.rtl.fr\/culture\/medias-people\/paris-jackson-denonce-un-acharnement-des-medias-apres-leaving-neverland-7797260545\" rel=\"nofollow noopener\" target=\"_blank\"> fille du roi de la pop<\/a>\u00a0n\u2019aurait manifestement pas appr\u00e9ci\u00e9 la d\u00e9claration de l\u2019acteur Colman Domingo, qui incarnera son grand-p\u00e8re dans le long-m\u00e9trage.\u00a0<\/p>\n<p class=\"article-p mdl\">Dans une interview accord\u00e9e au magazine<a class=\"link\" href=\"https:\/\/people.com\/colman-domingo-says-prince-paris-jackson-have-been-lovely-in-making-of-michael-jackson-movie-exclusive-11801241\" target=\"_blank\" rel=\"nofollow noopener\"> People<\/a>\u00a0le 3 septembre, il avait assur\u00e9 que Paris et son fr\u00e8re Prince \u00e9taient \u00ab\u00a0tr\u00e8s favorables\u00a0\u00bb au projet. La r\u00e9action de la jeune femme de 27 ans ne s\u2019est pas fait attendre : \u00ab\u00a0Ne dites pas aux gens que j\u2019ai \u00e9t\u00e9 &lsquo;utile&rsquo; sur le plateau d\u2019un film dans lequel j\u2019ai eu 0 % d\u2019implication, c\u2019est trop bizarre\u00a0\u00bb, a \u00e9crit la chanteuse sur Instagram, avant de livrer<strong> un jugement s\u00e9v\u00e8re sur le biopic.\u00a0<\/strong><br \/><strong\/><br \/>\u00ab\u00a0Le probl\u00e8me avec ces biopics, c\u2019est qu\u2019ils sont produits par Hollywood. C\u2019est donc un monde imaginaire. Ce n\u2019est pas r\u00e9el, mais on vous le vend comme tel, en l\u2019enjolivant. Le <strong>r\u00e9cit est contr\u00f4l\u00e9<\/strong>, il contient beaucoup d\u2019inexactitudes et de mensonges \u00e9hont\u00e9s. Faites ce que vous voulez. Mais laissez-moi en dehors de \u00e7a\u00a0\u00bb, a-t-elle clam\u00e9.\u00a0<\/p>\n<p>            Un films d\u00e9j\u00e0 critiqu\u00e9<\/p>\n<p class=\"article-p mdl\">En pr\u00e9ambule, Paris Jackson avait d\u00e9j\u00e0 expliqu\u00e9 avoir <strong>relev\u00e9 plusieurs erreurs lors de la lecture du premier script.<\/strong> Les producteurs ayant refus\u00e9 de les corriger, elle s\u2019\u00e9tait alors retir\u00e9e du projet.<\/p>\n<p class=\"article-p mdl\">Ce n\u2019est pas<a class=\"link\" href=\"https:\/\/www.rtl.fr\/culture\/cine-series\/michael-pourquoi-le-biopic-consacre-a-michael-jackson-est-il-reporte-d-au-moins-un-an-7900510117\" rel=\"nofollow noopener\" target=\"_blank\"> la premi\u00e8re pol\u00e9mique entourant ce film<\/a>. Depuis 2019, le biopic a d\u00e9j\u00e0 <strong>suscit\u00e9 de vives critiques<\/strong>, subi plusieurs r\u00e9\u00e9critures et connu de nouveaux tournages, notamment apr\u00e8s la suppression d\u2019une sc\u00e8ne concernant l\u2019un des accusateurs de\u00a0Michael Jackson\u00a0pour des raisons l\u00e9gales. La sortie du film est pr\u00e9vue pour avril 2026.<\/p>\n<p>    La r\u00e9daction vous recommande<\/p>\n<p class=\"s-newsletter__title\">\n                L\u2019actualit\u00e9 par la r\u00e9daction de RTL dans votre bo\u00eete mail.\n            <\/p>\n<p class=\"s-newsletter__subtitle\">\n                Gr\u00e2ce \u00e0 votre compte RTL abonnez-vous \u00e0 la newsletter RTL info pour suivre toute l&rsquo;actualit\u00e9 au quotidien\n            <\/p>\n<p>\n                                    Lire la suite\n                                <\/p>\n","protected":false},"excerpt":{"rendered":"La guerre est d\u00e9clar\u00e9e entre Paris Jackson et les r\u00e9alisateurs du biopic consacr\u00e9 \u00e0 son p\u00e8re, Michael Jackson.&hellip;\n","protected":false},"author":2,"featured_media":369036,"comment_status":"","ping_status":"","sticky":false,"template":"","format":"standard","meta":{"footnotes":""},"categories":[1888],"tags":[11,12975,28112,1777,674,107,1011,27,35268,12,626,25],"class_list":{"0":"post-369035","1":"post","2":"type-post","3":"status-publish","4":"format-standard","5":"has-post-thumbnail","7":"category-paris","8":"tag-actualites","9":"tag-biopic","10":"tag-critiques","11":"tag-eu","12":"tag-europe","13":"tag-fil-info","14":"tag-fr","15":"tag-france","16":"tag-michael-jackson","17":"tag-news","18":"tag-paris","19":"tag-republique-francaise"},"share_on_mastodon":{"url":"https:\/\/pubeurope.com\/@fr\/115153679432560363","error":""},"_links":{"self":[{"href":"https:\/\/www.europesays.com\/fr\/wp-json\/wp\/v2\/posts\/369035","targetHints":{"allow":["GET"]}}],"collection":[{"href":"https:\/\/www.europesays.com\/fr\/wp-json\/wp\/v2\/posts"}],"about":[{"href":"https:\/\/www.europesays.com\/fr\/wp-json\/wp\/v2\/types\/post"}],"author":[{"embeddable":true,"href":"https:\/\/www.europesays.com\/fr\/wp-json\/wp\/v2\/users\/2"}],"replies":[{"embeddable":true,"href":"https:\/\/www.europesays.com\/fr\/wp-json\/wp\/v2\/comments?post=369035"}],"version-history":[{"count":0,"href":"https:\/\/www.europesays.com\/fr\/wp-json\/wp\/v2\/posts\/369035\/revisions"}],"wp:featuredmedia":[{"embeddable":true,"href":"https:\/\/www.europesays.com\/fr\/wp-json\/wp\/v2\/media\/369036"}],"wp:attachment":[{"href":"https:\/\/www.europesays.com\/fr\/wp-json\/wp\/v2\/media?parent=369035"}],"wp:term":[{"taxonomy":"category","embeddable":true,"href":"https:\/\/www.europesays.com\/fr\/wp-json\/wp\/v2\/categories?post=369035"},{"taxonomy":"post_tag","embeddable":true,"href":"https:\/\/www.europesays.com\/fr\/wp-json\/wp\/v2\/tags?post=369035"}],"curies":[{"name":"wp","href":"https:\/\/api.w.org\/{rel}","templated":true}]}}