{"id":369038,"date":"2025-09-05T20:55:09","date_gmt":"2025-09-05T20:55:09","guid":{"rendered":"https:\/\/www.europesays.com\/fr\/369038\/"},"modified":"2025-09-05T20:55:09","modified_gmt":"2025-09-05T20:55:09","slug":"ukraine-france-0-2-les-bleus-deja-serieux-sur-la-route-mondial-lanalyse-de-dominique-severac","status":"publish","type":"post","link":"https:\/\/www.europesays.com\/fr\/369038\/","title":{"rendered":"Ukraine-France (0-2) : les Bleus d\u00e9j\u00e0 s\u00e9rieux sur la route Mondial&#8230; L\u2019analyse de Dominique S\u00e9v\u00e9rac"},"content":{"rendered":"<p class=\"paragraph text_align_left lp-f-body-02\">Wroclaw, cit\u00e9 m\u00e9di\u00e9vale aux fortes valeurs culturelles, m\u00e9ritait bien \u00e7a, un beau match de foot avec <a href=\"https:\/\/www.leparisien.fr\/sports\/football\/coupe-du-monde\/direct-ukraine-france-les-bleus-entament-les-qualifications-pour-le-mondial-2026-suivez-la-rencontre-05-09-2025-QUJCMJ3OUNB3DNXCHXPQAU5HLU.php\" target=\"_blank\" rel=\"noreferrer nofollow noopener\">une \u00e9quipe de France s\u00e9duisante<\/a> \u00e0 d\u00e9faut d\u2019\u00eatre totalement efficace. Solide avec \u00e0 une charni\u00e8re de costauds avec un Ibrahima Konat\u00e9 et un Dayot Upamecano m\u00ealant impact et ressorti de ballons, des ailiers tr\u00e8s travailleurs et un Michael Olise d\u00e9licieux partout, auteur d\u2019une master class en premi\u00e8re p\u00e9riode, elle a empoign\u00e9 avec s\u00e9rieux et envie cette campagne \u00e9liminatoire. <\/p>\n<p class=\"paragraph text_align_left lp-f-body-02\">Consid\u00e9rant qu\u2019elle ne retrouvera pas plus dur ni plus haut durant ces rencontres face \u00e0 l\u2019Islande ou l\u2019Azerba\u00efdjan, elle se rapproche d\u2019un grand pas vers l\u2019Ouest et les Etats-Unis. Une bonne chose de faite donc et bien faite. Mardi, contre l\u2019Islande, avec la possibilit\u00e9 de faire tourner un peu (Adrien Rabiot?), elle devra continuer d\u2019enfoncer les portes de l\u2019Am\u00e9rique. <\/p>\n<p class=\"paragraph text_align_left lp-f-body-02\">Si les Bleus ont eu un d\u00e9faut, constant durant la partie, c\u2019est de laisser croire \u00e0 l\u2019Ukraine qu\u2019elle pourrait revenir, une id\u00e9e tr\u00e8s concr\u00e8te pass\u00e9e l\u2019heure de jeu. Mike Maignan, \u00e9pargn\u00e9 jusque-l\u00e0, a d\u2019abord vu Konat\u00e9 sauver une t\u00eate sur sa ligne avant que le poteau sur un coup-franc la minute suivante ne tombe sur le poteau sur le second temps de l\u2019action. <\/p>\n<p class=\"paragraph text_align_left lp-f-body-02\">Ces 65e et 66e minutes auront constitu\u00e9 le morceau de r\u00e9volte des partenaires d\u2019Illia Zabarnyi, gagnant enfin leurs duels et avan\u00e7ant sur le d\u00e9but de fragilit\u00e9 de l\u2019\u00e9difice tricolore. La panique n\u2019a pas vraiment dur\u00e9 chez les Bleus, oblig\u00e9s de changer D\u00e9sir\u00e9 Dou\u00e9 par Ousmane Demb\u00e9l\u00e9 \u00e0 la pause pour un coup sur le mollet. <\/p>\n<p class=\"paragraph text_align_left lp-f-body-02\">L\u2019attaque vintage du PSG d\u2019il y a deux ans a alors pris les commandes, avec un candidat au Ballon d\u2019or encore en phase de rodage et qui n\u2019a pas pu achever la rencontre. Il est sorti bless\u00e9 \u00e0 dix minutes du terme, <a href=\"https:\/\/www.leparisien.fr\/sports\/football\/equipe-de-france\/ukraine-france-touche-a-un-mollet-desire-doue-remplace-par-ousmane-dembele-a-la-mi-temps-05-09-2025-D2JEW5DKA5HMHONVFQI377RIGQ.php\" target=\"_blank\" rel=\"noreferrer nofollow noopener\">avec une pol\u00e9mique qui va gonfler<\/a>. Pourquoi le faire entrer apr\u00e8s son alerte \u00e0 la cuisse contre Toulouse alors que Maghnes Akliouche a \u00e9t\u00e9 appel\u00e9 pour la premi\u00e8re fois? Le principe de pr\u00e9caution a-t-il \u00e9t\u00e9 appliqu\u00e9 enti\u00e8rement? On aimerait \u00e9couter ce samedi les \u00e9changes entre le m\u00e9decin des Bleus et celui du PSG, avec Luis Campos derri\u00e8re en train d\u2019\u00e9couter et sans doute de crier de rage. <\/p>\n<p class=\"paragraph text_align_left lp-f-body-02\">La grande attraction des Bleus, hormis pendant la minute folle de son adversaire, se concentre sur son syst\u00e8me et la beaut\u00e9 que lui donne Olise. Le gaucher du Bayern Munich \u00e0 l\u2019origine de son but dans un long une-deux avec Bradley Barcola, tr\u00e8s en forme lui aussi (ce que son d\u00e9but de saison avec le PSG t\u00e9moigne) mais toujours aussi maladroit avec deux situations anormalement g\u00e2ch\u00e9es, a sublim\u00e9 la prise de risque de Didier Deschamps, d\u00e9cid\u00e9 \u00e0 \u00e9voluer avec quatre joueurs offensifs. <\/p>\n<p class=\"paragraph text_align_left lp-f-body-02\">Un penchant inhabituel pour le s\u00e9lectionneur mais dont l\u2019audace paie. Elle n\u2019a pas connu l\u2019ampleur souhait\u00e9e parce que Kylian Mbapp\u00e9 a manqu\u00e9 de tranchant et de pr\u00e9cision dans le premier acte avant de s\u2019\u00e9teindre dans le second, sans doute encore un peu juste dans son feeling avec le ballon, comme dirait Luis Enrique, entra\u00eeneur bless\u00e9 mais vaillant apr\u00e8s une chute de v\u00e9lo. <\/p>\n<p class=\"paragraph text_align_left lp-f-body-02\">Les Bleus, eux, sont rest\u00e9s sur la bonne selle malgr\u00e9 quelques tentatives de rod\u00e9o ukrainien. Pour une sortie de rentr\u00e9e, avec des \u00e9tats physiques tr\u00e8s disparates et des joueurs majeurs en dedans &#8211; Mbapp\u00e9 sauve tout gr\u00e2ce \u00e0 son but, le 51e en s\u00e9lection, qui assure le succ\u00e8s -, ils ont \u00e9t\u00e9 la hauteur en r\u00e9veillant de belles promesses collectives. <\/p>\n","protected":false},"excerpt":{"rendered":"Wroclaw, cit\u00e9 m\u00e9di\u00e9vale aux fortes valeurs culturelles, m\u00e9ritait bien \u00e7a, un beau match de foot avec une \u00e9quipe&hellip;\n","protected":false},"author":2,"featured_media":369039,"comment_status":"","ping_status":"","sticky":false,"template":"","format":"standard","meta":{"footnotes":""},"categories":[1590],"tags":[11,451,1777,674,63,12,60,220],"class_list":{"0":"post-369038","1":"post","2":"type-post","3":"status-publish","4":"format-standard","5":"has-post-thumbnail","7":"category-ukraine","8":"tag-actualites","9":"tag-coupe-du-monde","10":"tag-eu","11":"tag-europe","12":"tag-football","13":"tag-news","14":"tag-sports","15":"tag-ukraine"},"share_on_mastodon":{"url":"https:\/\/pubeurope.com\/@fr\/115153687340119324","error":""},"_links":{"self":[{"href":"https:\/\/www.europesays.com\/fr\/wp-json\/wp\/v2\/posts\/369038","targetHints":{"allow":["GET"]}}],"collection":[{"href":"https:\/\/www.europesays.com\/fr\/wp-json\/wp\/v2\/posts"}],"about":[{"href":"https:\/\/www.europesays.com\/fr\/wp-json\/wp\/v2\/types\/post"}],"author":[{"embeddable":true,"href":"https:\/\/www.europesays.com\/fr\/wp-json\/wp\/v2\/users\/2"}],"replies":[{"embeddable":true,"href":"https:\/\/www.europesays.com\/fr\/wp-json\/wp\/v2\/comments?post=369038"}],"version-history":[{"count":0,"href":"https:\/\/www.europesays.com\/fr\/wp-json\/wp\/v2\/posts\/369038\/revisions"}],"wp:featuredmedia":[{"embeddable":true,"href":"https:\/\/www.europesays.com\/fr\/wp-json\/wp\/v2\/media\/369039"}],"wp:attachment":[{"href":"https:\/\/www.europesays.com\/fr\/wp-json\/wp\/v2\/media?parent=369038"}],"wp:term":[{"taxonomy":"category","embeddable":true,"href":"https:\/\/www.europesays.com\/fr\/wp-json\/wp\/v2\/categories?post=369038"},{"taxonomy":"post_tag","embeddable":true,"href":"https:\/\/www.europesays.com\/fr\/wp-json\/wp\/v2\/tags?post=369038"}],"curies":[{"name":"wp","href":"https:\/\/api.w.org\/{rel}","templated":true}]}}