{"id":369066,"date":"2025-09-05T21:11:10","date_gmt":"2025-09-05T21:11:10","guid":{"rendered":"https:\/\/www.europesays.com\/fr\/369066\/"},"modified":"2025-09-05T21:11:10","modified_gmt":"2025-09-05T21:11:10","slug":"chris-froome-soulage-de-pouvoir-rentrer-chez-lui-apres-son-grave-accident-lequipe","status":"publish","type":"post","link":"https:\/\/www.europesays.com\/fr\/369066\/","title":{"rendered":"Chris Froome \u00ab soulag\u00e9 \u00bb de pouvoir rentrer chez lui apr\u00e8s son grave accident &#8211; L&#039;\u00c9quipe"},"content":{"rendered":"<ol>\n<li><a href=\"https:\/\/news.google.com\/rss\/articles\/CBMizwFBVV95cUxOYzVTT3hSWVlRZHZJbGg1MTUwNE9wWkRRdThiczdaOEVOWlI0YktiS18tY0tUUGhKOFM3UFoxVXBodXpXd01MLTJQZVpZT2xhMGNqa3VsTFhmSzNHZHBLSlgwQWE4R25TbUIxZDkwTjRKb2RTekpCMThyY1lVUGtzWUhEZFlaR3ZIODgwd1hRTVRxV1YtZlZxdVEwT1ZMSURheWVZQzJYaE9tQ2Vuak1yZ0puTm4xVnI1Q3dfUUZVdlBxdkd5X211ZlpGZzhTdFk?oc=5\" target=\"_blank\" rel=\"nofollow noopener\">Chris Froome \u00ab soulag\u00e9 \u00bb de pouvoir rentrer chez lui apr\u00e8s son grave accident<\/a>&nbsp;&nbsp;L&rsquo;\u00c9quipe<\/li>\n<li><a href=\"https:\/\/news.google.com\/rss\/articles\/CBMinAJBVV95cUxPN3pkZF9YY2VMbWcxR0VfQXN5RUc4NlBwakVxNWNWVXJJSVRFbG5VZEUzRzdOMjctTjBpT3dNTUJrUU5YQm1SVXlBRzg0bE5FTmtHLUxKSGlzaWo3cDRaQkVBb1J4NlNaRG5JZlJ5V1hyZGxvZC1vOXZNYnZEY1N1Q0lYMVpvS1EwTVc3RzZ2dWg0RnVDWjZubC15dE1mM1d5a3phaXJrMTBQZVgzVWZFUE5lcUxpVHM0T2EzbUNwdUJSUWYwVUhjbDc2NVJsMTRRR201c3JxNTd6TFlUdnRlWjdzVjBnMHg3bDZKQlRhSGVkYVVyRlFTTTZWcVlkVXQ4cmd0azVTM1dSaXNDYjc1NHhkQUxEQ1g2aUJQVA?oc=5\" target=\"_blank\" rel=\"nofollow noopener\">Cyclisme : \u00ab\u00a0Une blessure cardiaque mortelle\u2026\u00a0\u00bb L\u2019\u00e9pouse d\u2019un quadruple vainqueur du Tour de France r\u00e9v\u00e8le qu\u2019il aurait pu mourir lors d\u2019un grave accident<\/a>&nbsp;&nbsp;ladepeche.fr<\/li>\n<li><a href=\"https:\/\/news.google.com\/rss\/articles\/CBMivAFBVV95cUxNQVF1OV9PS2VBY0hrbDhmNzlQY2J3NExxYTh0ejA4a1FVSHdzb0c1dGdRcGM4bTZzQUpYcmxjS2w1MWZMcjhCbV80V1l5aHdGWXI4SVJpTlN3YVZDSldQdGhtTWxuUFBwMDZEeEtVMHpWMjN0MlNFaXhRb05KenNzeUdRX0IwWHFHWFotaG9Gd0JEeGFHeU9QTW1oZDF4WXBHYXR6dW5wZVdqQXlCeXpkSzRGNnlSWkt1bXhVS9IBwgFBVV95cUxQUWFJekoxakVpbHdkWjBwajAtdEZQS0xaU19TVDFyc05wM2lvcUJDQVZ1UVhhQXlQbjluVGEtVDFoNmlxWk1KcGlHTzJSWkFSYmxZUXNfaWFRS1E4bElOY08zQm1lUk9KWTRpX0ZYM3I5ampXYTNjeXFWQnk2WDhIT1dqMl9GeldLSnNhTXBvalZteXliaGtOUzlCeEExLXl1WEVxMUIxa0kzVEZONmQ3OU5jZXVWaFkwWTVNVW4yQnBUdw?oc=5\" target=\"_blank\" rel=\"nofollow noopener\">Cyclisme : un quadruple vainqueur du Tour de France a \u00e9chapp\u00e9 de peu \u00e0 la mort apr\u00e8s une lourde chute \u00e0 l\u2019entra\u00eenement<\/a>&nbsp;&nbsp;CNews<\/li>\n<li><a href=\"https:\/\/news.google.com\/rss\/articles\/CBMiggJBVV95cUxOQ1RRZ3lIc2RsZTZKb0llTlR0enlJZTlQR1NqS1FGNVF2alhYaV9IekY0RGJkeVlzUlg2am53emRQYkc3YzhZSk1OS3BRd1FrcEpkNHdGT003WjVRbzRZS1piY3NSSzRFUjJ2bjRUZEJXd3lKQXIzMjk2azc3bENpZHFYSE1VYXJOZ1pVX0ZIYldPd09MQkJOVHRsTUlWa0pXcEVBWG1IU2hpMXBXUVJTMjJrQnhXVHJWWUtNWmpIY2lRQllxRUdsWE9HSFBmbl91WC1iS1Y0bU1kZVRIQjdUYk9CVGZmSm1qMmxKZGNxTWlzVUxxM1c5R1VUV1RQY19mYmc?oc=5\" target=\"_blank\" rel=\"nofollow noopener\">\u00ab\u00a0Bien plus grave que quelques fractures\u00a0\u00bb: la femme de Christopher Froome s&rsquo;exprime apr\u00e8s le gros accident du cycliste dans le Var<\/a>&nbsp;&nbsp;Var-Matin<\/li>\n<li><a href=\"https:\/\/news.google.com\/rss\/articles\/CBMinAJBVV95cUxQa2dtdTcwbnZaRGJYbDBXYVhfY0VYeXJkZ09tdHc2eEJCcHFQeHBaWVdEdlpsOEhhdl8xN3BlTFJVWUJTYl9VR2tqNmZOR3ItZmxzajkwUWY5MEZXQmZPWWhjdTRiWlVWVnBpOVRESldQMjB3OE5reDF6cVVwSzJwYl9iQnhOSWM2cm9acWFqMjhIVnJJUTRFVEphZU5wSkNHUjNqZmo1QzF6Zkp0X0xLQ2tmQmtzQ18yQmRnLWl6aE5ibmxWWjM4MVluMFVMTlNMeVotajJqelphSVQtbFhQYTFwSF9pX2JSYmRoZUtmS3pmWS1KQW5Lb0x3ekxIZnBRbXcwLVdVelczdFNXTU4xMURjM2xYMnFqOEhraQ?oc=5\" target=\"_blank\" rel=\"nofollow noopener\">Cyclisme. Chris Froome quitte l\u2019h\u00f4pital plus d\u2019une semaine apr\u00e8s sa lourde chute \u00e0 l\u2019entra\u00eenement<\/a>&nbsp;&nbsp;Ouest-France<\/li>\n<\/ol>\n","protected":false},"excerpt":{"rendered":"Chris Froome \u00ab soulag\u00e9 \u00bb de pouvoir rentrer chez lui apr\u00e8s son grave accident&nbsp;&nbsp;L&rsquo;\u00c9quipe Cyclisme : \u00ab\u00a0Une blessure&hellip;\n","protected":false},"author":2,"featured_media":369067,"comment_status":"","ping_status":"","sticky":false,"template":"","format":"standard","meta":{"footnotes":""},"categories":[1411],"tags":[1154,207,1011,27,60],"class_list":{"0":"post-369066","1":"post","2":"type-post","3":"status-publish","4":"format-standard","5":"has-post-thumbnail","7":"category-cyclisme","8":"tag-cycling","9":"tag-cyclisme","10":"tag-fr","11":"tag-france","12":"tag-sports"},"share_on_mastodon":{"url":"https:\/\/pubeurope.com\/@fr\/115153750208526911","error":""},"_links":{"self":[{"href":"https:\/\/www.europesays.com\/fr\/wp-json\/wp\/v2\/posts\/369066","targetHints":{"allow":["GET"]}}],"collection":[{"href":"https:\/\/www.europesays.com\/fr\/wp-json\/wp\/v2\/posts"}],"about":[{"href":"https:\/\/www.europesays.com\/fr\/wp-json\/wp\/v2\/types\/post"}],"author":[{"embeddable":true,"href":"https:\/\/www.europesays.com\/fr\/wp-json\/wp\/v2\/users\/2"}],"replies":[{"embeddable":true,"href":"https:\/\/www.europesays.com\/fr\/wp-json\/wp\/v2\/comments?post=369066"}],"version-history":[{"count":0,"href":"https:\/\/www.europesays.com\/fr\/wp-json\/wp\/v2\/posts\/369066\/revisions"}],"wp:featuredmedia":[{"embeddable":true,"href":"https:\/\/www.europesays.com\/fr\/wp-json\/wp\/v2\/media\/369067"}],"wp:attachment":[{"href":"https:\/\/www.europesays.com\/fr\/wp-json\/wp\/v2\/media?parent=369066"}],"wp:term":[{"taxonomy":"category","embeddable":true,"href":"https:\/\/www.europesays.com\/fr\/wp-json\/wp\/v2\/categories?post=369066"},{"taxonomy":"post_tag","embeddable":true,"href":"https:\/\/www.europesays.com\/fr\/wp-json\/wp\/v2\/tags?post=369066"}],"curies":[{"name":"wp","href":"https:\/\/api.w.org\/{rel}","templated":true}]}}