{"id":369068,"date":"2025-09-05T21:12:11","date_gmt":"2025-09-05T21:12:11","guid":{"rendered":"https:\/\/www.europesays.com\/fr\/369068\/"},"modified":"2025-09-05T21:12:11","modified_gmt":"2025-09-05T21:12:11","slug":"des-marseillais-a-madrid-mccourt-tacle-la-lfp-et-cest-officiel-pour-bennacer-les-3-infos-om-du-5-septembre-2025-footballclubdemarseille-fr","status":"publish","type":"post","link":"https:\/\/www.europesays.com\/fr\/369068\/","title":{"rendered":"Des Marseillais \u00e0 Madrid, McCourt tacle la LFP et c&#039;est officiel pour Bennacer&#8230; Les 3 infos OM du 5 septembre 2025 &#8211; footballclubdemarseille.fr"},"content":{"rendered":"<ol>\n<li><a href=\"https:\/\/news.google.com\/rss\/articles\/CBMi_gFBVV95cUxPWUFISTJLNDdTUUdzMzZrcmFkUmNaTU1VakpSMkVDREtIOHJXbm55RHZyLWxnd3RXT3ZRckNtZ3ptZ252T3Q3UVlsQkdsSU1ZeVdnVlV5MkRhQmQtQUNMZ2o4YWNYRTk3SThPWFF5QjNNWm5ZTkQwMGY5aVBwUldqSkxiTU5haHRJRjRZTTRMNFZ2b0hKdTg1Qm5QWHlTdmJMZ01jMVBGUmJnTjZmNXlZLUVwaURlN3psaTNCby1kc0N1WlJTQmd1NS1HV1hLZWllbFBpYnB1aXpKWnNBRkdETngwYXBjX19HZzdaMjcwXzd5LTE4eTJMcDB6OWxlQQ?oc=5\" target=\"_blank\" rel=\"nofollow noopener\">Des Marseillais \u00e0 Madrid, McCourt tacle la LFP et c&rsquo;est officiel pour Bennacer&#8230; Les 3 infos OM du 5 septembre 2025<\/a>&nbsp;&nbsp;footballclubdemarseille.fr<\/li>\n<li><a href=\"https:\/\/news.google.com\/rss\/articles\/CBMikwJBVV95cUxPMzFCOWdJMjBYZ1I3YkpIdkZ2X2ZwNEZyZXZFUHY0MTlWb0FFVUI1eGlHV0VJWTIzVHBRN0JKczllY2hBblRiSVR2UFpvN3FTSjNNU0VNUjFhR2lXZW1PazFpQWthZkFDNEt0S3NfcEpWdWNHU2VtWGpjR0FQdWJYc09EbEgyQm9HS3JCblVCa3dxaXlESGQ1UzV1blJMTUVFckdUanZjc1hybWdnQk9lUlpvZEdQZi1YODZWLUxsckxhczVoclZYSEg5NHZJMTdfY0xCSW40bTh5bmxST3htbnp4WnRmZG51Skt4amZLRFdyZ2xyc3QyVjY5TWpLT0dwazRPWXdKUlFVWU1DVW13eElyWQ?oc=5\" target=\"_blank\" rel=\"nofollow noopener\">Ligue des champions. Le calendrier complet de l\u2019OM de Greenwood, Aubameyang et Pavard<\/a>&nbsp;&nbsp;Ouest-France<\/li>\n<li><a href=\"https:\/\/news.google.com\/rss\/articles\/CBMimgFBVV95cUxQU0VuYXB1RWJ4eUNZbnJEN0xiRzdYUHU1bld2R2N6MllCeFVpOGZidGFLUW1aaHcyaGtvY2dTRk5uUXJJSzdYNzI1WGJ3UWVTcGhTaDhVNlVhWXlndDViMXFvTmdlVFBESnB4UXcyV3M0REotVTFfZHREM2N5UEw0Q3VOeEItUl9jaVJ2ZC1vcHJrRk1sbGJsWnpB?oc=5\" target=\"_blank\" rel=\"nofollow noopener\">Champions League &#8211; D\u00e9placement massif des supporters marseillais au Bernabeu<\/a>&nbsp;&nbsp;FootMarseille<\/li>\n<li><a href=\"https:\/\/news.google.com\/rss\/articles\/CBMihwFBVV95cUxNZUstbFI1QjllOWRVc0h0MEFRNktaNG1pdDZBbWJfaVhsVnBlMzVWbUVLeGxmVTNqOEJQeFV4Zk9sTVdmVjFHTFdmbnVxLXY3bjZQdUtOX2RLOUxOQUxMVS1XLVQ4akFLeHRMX0NfYmlxZWM2R0x2WkhEVXM5Mk5OUG0yRWp6bE0?oc=5\" target=\"_blank\" rel=\"nofollow noopener\">Tchouam\u00e9ni pas insensible \u00e0 Marseille<\/a>&nbsp;&nbsp;Sports.fr<\/li>\n<li><a href=\"https:\/\/news.google.com\/rss\/articles\/CBMioAFBVV95cUxNQzhxRXpvZDBYcThTUGNUOEtCbkNhbWR0WWRDVnRGNkM1cFdGUzJsX3p1OW9RNGEtY2Nka2MxU2pUMl9YRWJpWDd4Y1h1VzJBbzkyb1lTZTVPYkw0R1VoV19HdlpmQXY2Nkt2YWpqMDE5ZDlRQ2Nud09pSUl1MjVHLUd3Z3dJWGZFOHg4dHR6ZnFlX2tMTDdpTTJFek82MDNH?oc=5\" target=\"_blank\" rel=\"nofollow noopener\">D\u00e9part au Real Madrid : La folie qui se pr\u00e9pare \u00e0 l\u2019OM !<\/a>&nbsp;&nbsp;Le10Sport<\/li>\n<\/ol>\n","protected":false},"excerpt":{"rendered":"Des Marseillais \u00e0 Madrid, McCourt tacle la LFP et c&rsquo;est officiel pour Bennacer&#8230; Les 3 infos OM du&hellip;\n","protected":false},"author":2,"featured_media":1445,"comment_status":"","ping_status":"","sticky":false,"template":"","format":"standard","meta":{"footnotes":""},"categories":[1410],"tags":[63,1011,27,60],"class_list":{"0":"post-369068","1":"post","2":"type-post","3":"status-publish","4":"format-standard","5":"has-post-thumbnail","7":"category-football","8":"tag-football","9":"tag-fr","10":"tag-france","11":"tag-sports"},"share_on_mastodon":{"url":"https:\/\/pubeurope.com\/@fr\/115153754175512108","error":""},"_links":{"self":[{"href":"https:\/\/www.europesays.com\/fr\/wp-json\/wp\/v2\/posts\/369068","targetHints":{"allow":["GET"]}}],"collection":[{"href":"https:\/\/www.europesays.com\/fr\/wp-json\/wp\/v2\/posts"}],"about":[{"href":"https:\/\/www.europesays.com\/fr\/wp-json\/wp\/v2\/types\/post"}],"author":[{"embeddable":true,"href":"https:\/\/www.europesays.com\/fr\/wp-json\/wp\/v2\/users\/2"}],"replies":[{"embeddable":true,"href":"https:\/\/www.europesays.com\/fr\/wp-json\/wp\/v2\/comments?post=369068"}],"version-history":[{"count":0,"href":"https:\/\/www.europesays.com\/fr\/wp-json\/wp\/v2\/posts\/369068\/revisions"}],"wp:featuredmedia":[{"embeddable":true,"href":"https:\/\/www.europesays.com\/fr\/wp-json\/wp\/v2\/media\/1445"}],"wp:attachment":[{"href":"https:\/\/www.europesays.com\/fr\/wp-json\/wp\/v2\/media?parent=369068"}],"wp:term":[{"taxonomy":"category","embeddable":true,"href":"https:\/\/www.europesays.com\/fr\/wp-json\/wp\/v2\/categories?post=369068"},{"taxonomy":"post_tag","embeddable":true,"href":"https:\/\/www.europesays.com\/fr\/wp-json\/wp\/v2\/tags?post=369068"}],"curies":[{"name":"wp","href":"https:\/\/api.w.org\/{rel}","templated":true}]}}