{"id":369080,"date":"2025-09-05T21:20:10","date_gmt":"2025-09-05T21:20:10","guid":{"rendered":"https:\/\/www.europesays.com\/fr\/369080\/"},"modified":"2025-09-05T21:20:10","modified_gmt":"2025-09-05T21:20:10","slug":"tombeurs-de-lukraine-les-bleus-font-un-premier-pas-vers-le-mondial-2026","status":"publish","type":"post","link":"https:\/\/www.europesays.com\/fr\/369080\/","title":{"rendered":"Tombeurs de l\u2019Ukraine, les Bleus font un premier pas vers le Mondial 2026"},"content":{"rendered":"<p>Dans un contexte singulier en Pologne, l\u2019\u00e9quipe de France a r\u00e9ussi sa rentr\u00e9e avec un succ\u00e8s contre l\u2019Ukraine (0-2). Les qualifications au Mondial 2026 ne pouvaient pas mieux d\u00e9buter.<\/p>\n<p class=\"fig-paragraph\">22h36 vendredi soir \u00e0 Wroclaw. L\u2019Ukraine vient de s\u2019incliner mais les Bleu et Jaune communient avec leur public devant 40.000 spectateurs venus assister \u00e0 bien plus qu\u2019un match de football. R\u00e9unis autour du rond central, les internationaux tapent dans leur main, \u00e9mus et fiers. Un moment poignant au regard du contexte. Quelques m\u00e8tres plus loin, l\u2019\u00e9quipe de France salue ses 400 supporters pr\u00e9sents en Pologne sans en rajouter. Vainqueurs pour leur premier match de qualification \u00e0 la coupe du monde (0-2), les Bleus ont fait ce qu\u2019on attendait d\u2019eux face \u00e0 cette valeureuse mais limit\u00e9e \u00e9quipe d\u2019Ukraine.<\/p>\n<p class=\"fig-paragraph\">S\u2019imposer contre l\u2019adversaire le plus coriace du groupe offre d\u00e9sormais le champ des possibles pour la qualification. S\u00e9rieux \u00e0 d\u00e9faut d\u2019\u00eatre brillants, port\u00e9s par Olise et Mbapp\u00e9, la bande de Deschamps a valid\u00e9 sa rentr\u00e9e.<\/p>\n<p>                                    <a class=\"fig-a11y-skip a11y-hidden\" href=\"#fig-a11y-skip-main-inarticle\"><br \/>\n        Passer la publicit\u00e9<br \/>\n    <\/a><\/p>\n<p class=\"fig-paragraph\">Dans une Tarczy\u0144ski Arena de Wroc\u0142aw quasiment \u00e0 guichets ferm\u00e9s, et chauff\u00e9e \u00e0 blanc par une ferveur totale au moment des hymnes ou les onze Ukrainiens sont apparus avec un drapeau de leur pays sur le dos, les Bleus ont rapidement pris les devants dans cette rencontre. Sans trop forcer. \u00c0 l\u2019origine et \u00e0 la finition, apr\u00e8s une course de soixante m\u00e8tres,\u00a0<a href=\"http:\/\/www.lefigaro.fr\/sports\/football\/coupe-du-monde\/ukraine-france-olise-tout-en-finesse-pour-l-ouverture-du-score-video-20250905\" data-fig-type=\"NewsFlash\" data-gtm-custom-categorie=\"navigation\" data-gtm-custom-action=\"crossclick\" data-gtm-custom-label=\"Contextuel\" data-gtm-event=\"customEventSPE\" data-fig-domain=\"LEFIGARO\" target=\"_blank\" rel=\"noopener\">Michael Olise a ouvert le score suite \u00e0 un service d\u00e9licieux de Bradley Barcola (0-1, 10e)<\/a>. Son troisi\u00e8me but en neuf s\u00e9lections pour le nouveau chef d\u2019orchestre, charg\u00e9 de faire \u00aboublier\u00bb Antoine Griezmann dans ce r\u00f4le de meneur de jeu.<\/p>\n<p><strong>Olise le chef d\u2019orchestre<\/strong><\/p>\n<p class=\"fig-paragraph\">Par son placement et sa capacit\u00e9 \u00e0 jouer en une touche, le joueur du Bayern Munich a fait du bien au collectif des vice-champions du monde avec la reconduction du 4-2-3-1, syst\u00e8me voulu par Deschamps en vue du Mondial. Huit minutes plus tard, Olise est proche de doubler la mise (18e) mais Trubin r\u00e9alise une belle parade. Tout en ma\u00eetrise et sans trembler, autour d\u2019un Kylian Mbapp\u00e9 disponible et en jambes, \u00e0 l\u2019image des pressings d\u00e9clench\u00e9s \u00e0 la perte du ballon, les Bleus regagnent les vestiaires logiquement en t\u00eate \u00e0 la pause, face \u00e0 des Ukrainiens soutenus par tout un peuple, mais trop craintifs pour pr\u00e9senter le moindre danger \u00e0 Mike Maignan, au ch\u00f4mage technique.<\/p>\n<p class=\"fig-paragraph\">Si \u00e0 la pause\u00a0<a href=\"http:\/\/www.lefigaro.fr\/sports\/football\/coupe-du-monde\/ukraine-france-attaquant-du-psg-doue-touche-au-mollet-20250905\" data-fig-type=\"NewsFlash\" data-gtm-custom-categorie=\"navigation\" data-gtm-custom-action=\"crossclick\" data-gtm-custom-label=\"Contextuel\" data-gtm-event=\"customEventSPE\" data-fig-domain=\"LEFIGARO\" target=\"_blank\" rel=\"noopener\">D\u00e9sir\u00e9 Dou\u00e9, touch\u00e9 au mollet droit<\/a>, laisse sa place \u00e0 Ousmane Demb\u00e9l\u00e9 sur le c\u00f4t\u00e9 droit, la rencontre a gentiment chang\u00e9 de physionomie, avec une \u00e9quipe de France bien moins impactante et trop dans le contr\u00f4le. Moins de course, moins de pressing, un rythme de match relativement faible, pour des Bleus seulement devant d\u2019un petit but. Forc\u00e9ment, le public ukrainien, port\u00e9 par bien autre chose que la volont\u00e9 d\u2019exister dans cette soir\u00e9e, le sent. Et pousse les Bleu et Jaune. En deux minutes, la 26e nation mondiale est proche de ch\u00e2tier la France.<\/p>\n<p><strong>Les Bleus proches de flancher\u2026 mais Mbapp\u00e9 cl\u00f4t les d\u00e9bats<\/strong><\/p>\n<p class=\"fig-paragraph\">Une premi\u00e8re fois, Dovbyk s\u2019impose au deuxi\u00e8me poteau et pense marquer mais son coup de t\u00eate est repouss\u00e9 par Konat\u00e9 (65e). Dans la foul\u00e9e, Maignan, au ch\u00f4mage technique jusque-l\u00e0, repousse un coup franc de Sudakov, le ballon revient sur Kalyuzhny dont la reprise est d\u00e9vi\u00e9e par\u00a0<a href=\"http:\/\/www.lefigaro.fr\/sports\/football\/transferts\/mercato-precocite-whitney-houston-defenseur-complet-guerre-en-ukraine-qui-est-illya-zabarnyi-attendu-au-psg-20250811\" data-fig-type=\"NewsFlash\" data-gtm-custom-categorie=\"navigation\" data-gtm-custom-action=\"crossclick\" data-gtm-custom-label=\"Contextuel\" data-gtm-event=\"customEventSPE\" data-fig-domain=\"LEFIGARO\" target=\"_blank\" rel=\"noopener\">le n\u00e9o-Parisien Zabarnyi<\/a>\u00a0sur le poteau (66e). Les Bleus tremblent. Souffrent. Mais restent devant. Sur son banc, Deschamps s\u2019interroge, consulte son staff et demande calme et s\u00e9r\u00e9nit\u00e9 \u00e0 un collectif dans le dur. Moment choisi par Olise pour d\u00e9livrer un caviar \u00e0 Barcola (75e), inefficace devant le but. Cinq minutes plus tard,\u00a0<a href=\"http:\/\/www.lefigaro.fr\/sports\/football\/coupe-du-monde\/ukraine-france-attaquant-du-psg-doue-touche-au-mollet-20250905\" data-fig-type=\"NewsFlash\" data-gtm-custom-categorie=\"navigation\" data-gtm-custom-action=\"crossclick\" data-gtm-custom-label=\"Contextuel\" data-gtm-event=\"customEventSPE\" data-fig-domain=\"LEFIGARO\" target=\"_blank\" rel=\"noopener\">Demb\u00e9l\u00e9, auteur d\u2019une rentr\u00e9e d\u00e9licate, demande \u00e0 sortir<\/a>, touch\u00e9 \u00e0 la cuisse droite. Rageant. Une s\u00e9quence qui profite \u00e0 Hugo Ekitike pour sa premi\u00e8re en s\u00e9lection (80e).<strong>\u00a0<\/strong><\/p>\n<p class=\"fig-paragraph\">Dans une enceinte acquise \u00e0 la cause des \u00ablocaux\u00bb, la fin de match fait trembler des Bleus un peu perdus, \u00e0 l\u2019image d\u2019un milieu de terrain bien moins dominateur. Dans ces moments-l\u00e0, le talent peut suffire. Et Kylian Mbapp\u00e9, port\u00e9 disparu lors du deuxi\u00e8me acte, l\u2019a rappel\u00e9. Sur un long ballon de Tchouam\u00e9ni, le capitaine brise les vert\u00e8bres de Zabarnyi et trompe Trubin d\u2019une belle frappe rasante du droit (0-2, 82e). Imparable. Son 51e but en 91 s\u00e9lections, qui lui permet de rejoindre Thierry Henry \u00e0 la deuxi\u00e8me place des meilleurs buteurs de l\u2019histoire de l\u2019\u00e9quipe de France. Une action qui a d\u00e9finitivement \u00e9teint l\u2019enceinte de Wroclaw et valid\u00e9 le succ\u00e8s fran\u00e7ais.<\/p>\n<p>                                    <a class=\"fig-a11y-skip a11y-hidden\" href=\"#fig-a11y-skip-main-inarticle_mtf\"><br \/>\n        Passer la publicit\u00e9<br \/>\n    <\/a><\/p>\n<p><strong>D\u00e9j\u00e0 un boulevard dans ses qualifications<\/strong><\/p>\n<p class=\"fig-paragraph\">Une victoire, sur le terrain de la nation la plus coriace du groupe, en guise d\u2019ouverture de ses qualifications au Mondial, les Bleus ont fait le travail. Ce qui leur offre un boulevard dans cette campagne de qualifications. Mardi, l\u2019Islande, victorieuse de l\u2019Azerba\u00efdjan (5-0), se pr\u00e9sentera au Parc des Princes. Il sera question de boucler une s\u00e9quence parfaitement entam\u00e9e. La route vers les \u00c9tats-Unis, le Mexique et le Canada passe par l\u00e0.<\/p>\n","protected":false},"excerpt":{"rendered":"Dans un contexte singulier en Pologne, l\u2019\u00e9quipe de France a r\u00e9ussi sa rentr\u00e9e avec un succ\u00e8s contre l\u2019Ukraine&hellip;\n","protected":false},"author":2,"featured_media":369081,"comment_status":"","ping_status":"","sticky":false,"template":"","format":"standard","meta":{"footnotes":""},"categories":[9],"tags":[1640,6713,1011,27,6477,4785,2782,60],"class_list":{"0":"post-369080","1":"post","2":"type-post","3":"status-publish","4":"format-standard","5":"has-post-thumbnail","7":"category-sports","8":"tag-desire-doue","9":"tag-equipe-de-france-de-football","10":"tag-fr","11":"tag-france","12":"tag-kylian-mbappe","13":"tag-michael-olise","14":"tag-ousmane-dembele","15":"tag-sports"},"share_on_mastodon":{"url":"https:\/\/pubeurope.com\/@fr\/115153785657347455","error":""},"_links":{"self":[{"href":"https:\/\/www.europesays.com\/fr\/wp-json\/wp\/v2\/posts\/369080","targetHints":{"allow":["GET"]}}],"collection":[{"href":"https:\/\/www.europesays.com\/fr\/wp-json\/wp\/v2\/posts"}],"about":[{"href":"https:\/\/www.europesays.com\/fr\/wp-json\/wp\/v2\/types\/post"}],"author":[{"embeddable":true,"href":"https:\/\/www.europesays.com\/fr\/wp-json\/wp\/v2\/users\/2"}],"replies":[{"embeddable":true,"href":"https:\/\/www.europesays.com\/fr\/wp-json\/wp\/v2\/comments?post=369080"}],"version-history":[{"count":0,"href":"https:\/\/www.europesays.com\/fr\/wp-json\/wp\/v2\/posts\/369080\/revisions"}],"wp:featuredmedia":[{"embeddable":true,"href":"https:\/\/www.europesays.com\/fr\/wp-json\/wp\/v2\/media\/369081"}],"wp:attachment":[{"href":"https:\/\/www.europesays.com\/fr\/wp-json\/wp\/v2\/media?parent=369080"}],"wp:term":[{"taxonomy":"category","embeddable":true,"href":"https:\/\/www.europesays.com\/fr\/wp-json\/wp\/v2\/categories?post=369080"},{"taxonomy":"post_tag","embeddable":true,"href":"https:\/\/www.europesays.com\/fr\/wp-json\/wp\/v2\/tags?post=369080"}],"curies":[{"name":"wp","href":"https:\/\/api.w.org\/{rel}","templated":true}]}}