{"id":3691,"date":"2025-04-05T00:21:12","date_gmt":"2025-04-05T00:21:12","guid":{"rendered":"https:\/\/www.europesays.com\/fr\/3691\/"},"modified":"2025-04-05T00:21:12","modified_gmt":"2025-04-05T00:21:12","slug":"jul-annonce-un-deuxieme-concert-a-lorange-velodrome-le-23-mai-2025","status":"publish","type":"post","link":"https:\/\/www.europesays.com\/fr\/3691\/","title":{"rendered":"Jul annonce un deuxi\u00e8me concert \u00e0 l&rsquo;Orange V\u00e9lodrome le 23 mai 2025"},"content":{"rendered":"<p>La team Jul en \u00e9bullition. Le rappeur marseillais a annonc\u00e9 ce mercredi 2 avril en fin d&rsquo;apr\u00e8s-midi une deuxi\u00e8me date de concert \u00e0 l&rsquo;Orange V\u00e9lodrome \u00e0 Marseille en 2025. \u00ab\u00a0Je vous pr\u00e9pare un deuxi\u00e8me Orange V\u00e9lodrome le 23 mai 2025&#8230; pour vous remercier de votre soutien depuis toutes ces ann\u00e9es\u00a0\u00bb, \u00e9crit Jul, qui a \u00e9galement d\u00e9voil\u00e9 la sortie d&rsquo;un nouvel album un peu plus t\u00f4t dans la journ\u00e9e.<\/p>\n<p>La <strong>billetterie sera ouverte ce vendredi 4 avril \u00e0 partir de 9h<\/strong>. Il sera \u00e9galement possible de pr\u00e9-commander son nouvel album qui sortira le 25 avril prochain, \u00ab\u00a0D&amp;P \u00e0 vie\u00a0\u00bb sur CD &amp; Cl\u00e9 USB.<\/p>\n<p>Une surprise pour ce deuxi\u00e8me concert au V\u00e9lodrome<\/p>\n<p>Et comme Jul sait si bien le faire : il fait plaisir \u00e0 ses fans. \u00ab\u00a0J&rsquo;ai cach\u00e9 dans des cl\u00e9s USB des tickets d&rsquo;or pour une rencontre au stade le 23 mai apr\u00e8s mon concert\u2026\u00a0\u00bb, \u00e9crit-il toujours sur ses r\u00e9seaux sociaux sans plus en d\u00e9voiler.\u00a0<\/p>\n<p><strong>Jul en concert au v\u00e9lodrome le 23 mai 2025 : billetterie ouverte d\u00e8s le vendredi 4 avril \u00e0 9h sur http:\/\/ticketmaster.fr, http:\/\/fnacspectacles.com et http:\/\/orangevelodrome.com.<\/strong><\/p>\n","protected":false},"excerpt":{"rendered":"La team Jul en \u00e9bullition. Le rappeur marseillais a annonc\u00e9 ce mercredi 2 avril en fin d&rsquo;apr\u00e8s-midi une&hellip;\n","protected":false},"author":2,"featured_media":3692,"comment_status":"","ping_status":"","sticky":false,"template":"","format":"standard","meta":{"footnotes":""},"categories":[1355],"tags":[17,2562,1697,251,2563,58,59,1011,27,1279,2564,2565,1361,873,957],"class_list":{"0":"post-3691","1":"post","2":"type-post","3":"status-publish","4":"format-standard","5":"has-post-thumbnail","7":"category-musique","8":"tag-17","9":"tag-annonce","10":"tag-concert","11":"tag-culture","12":"tag-deuxieme","13":"tag-divertissement","14":"tag-entertainment","15":"tag-fr","16":"tag-france","17":"tag-jul","18":"tag-lorange","19":"tag-mai","20":"tag-music","21":"tag-musique","22":"tag-velodrome"},"share_on_mastodon":{"url":"https:\/\/pubeurope.com\/@fr\/114282501786927708","error":""},"_links":{"self":[{"href":"https:\/\/www.europesays.com\/fr\/wp-json\/wp\/v2\/posts\/3691","targetHints":{"allow":["GET"]}}],"collection":[{"href":"https:\/\/www.europesays.com\/fr\/wp-json\/wp\/v2\/posts"}],"about":[{"href":"https:\/\/www.europesays.com\/fr\/wp-json\/wp\/v2\/types\/post"}],"author":[{"embeddable":true,"href":"https:\/\/www.europesays.com\/fr\/wp-json\/wp\/v2\/users\/2"}],"replies":[{"embeddable":true,"href":"https:\/\/www.europesays.com\/fr\/wp-json\/wp\/v2\/comments?post=3691"}],"version-history":[{"count":0,"href":"https:\/\/www.europesays.com\/fr\/wp-json\/wp\/v2\/posts\/3691\/revisions"}],"wp:featuredmedia":[{"embeddable":true,"href":"https:\/\/www.europesays.com\/fr\/wp-json\/wp\/v2\/media\/3692"}],"wp:attachment":[{"href":"https:\/\/www.europesays.com\/fr\/wp-json\/wp\/v2\/media?parent=3691"}],"wp:term":[{"taxonomy":"category","embeddable":true,"href":"https:\/\/www.europesays.com\/fr\/wp-json\/wp\/v2\/categories?post=3691"},{"taxonomy":"post_tag","embeddable":true,"href":"https:\/\/www.europesays.com\/fr\/wp-json\/wp\/v2\/tags?post=3691"}],"curies":[{"name":"wp","href":"https:\/\/api.w.org\/{rel}","templated":true}]}}