{"id":369101,"date":"2025-09-05T21:34:18","date_gmt":"2025-09-05T21:34:18","guid":{"rendered":"https:\/\/www.europesays.com\/fr\/369101\/"},"modified":"2025-09-05T21:34:18","modified_gmt":"2025-09-05T21:34:18","slug":"cest-le-dossier-de-la-liberation-de-la-parole-14-ans-de-prison-requis-au-proces-du-maieuticien-accuse-de-viols-a-montpellier","status":"publish","type":"post","link":"https:\/\/www.europesays.com\/fr\/369101\/","title":{"rendered":"\u00ab\u00a0C&rsquo;est le dossier de la lib\u00e9ration de la parole\u00a0\u00bb: 14 ans de prison requis au proc\u00e8s du ma\u00efeuticien accus\u00e9 de viols \u00e0 Montpellier"},"content":{"rendered":"<p>\u00ab\u00a0C&rsquo;est le dossier de la lib\u00e9ration de la parole, qui a \u00e9t\u00e9 verrouill\u00e9e par la honte, par la culpabilit\u00e9, par celles qui ont eu le courage de venir devant vous pour nommer les choses. Il n&rsquo;est pas acceptable qu&rsquo;une femme soit d\u00e9poss\u00e9d\u00e9e de ses choix, notamment ses choix sexuels\u00a0\u00bb, a lanc\u00e9 Yessine Bouchareb.<\/p>\n<p>Le magistrat faisait ainsi r\u00e9f\u00e9rence au premier proc\u00e8s en 2021 de Lionel Charvin, 54 ans aujourd&rsquo;hui, o\u00f9 il avait \u00e9t\u00e9 <a href=\"https:\/\/www.nicematin.com\/justice\/un-homme-sage-femme-deja-condamne-a-nouveau-juge-pour-viols-de-patientes-1000442\" rel=\"nofollow noopener\" target=\"_blank\">condamn\u00e9 \u00e0 12 ans de prison<\/a> pour 11 viols sur de premi\u00e8res patientes. La m\u00e9diatisation de cette audience avait pouss\u00e9 d&rsquo;autres \u00e0 se manifester, renvoyant ce p\u00e8re de famille devant la justice cette fois pour les viols de six autres femmes.<\/p>\n<p>\u00ab\u00a0Ici, il n&rsquo;y a qu&rsquo;un coupable, M. Charvin, et des victimes\u00a0\u00bb et \u00ab\u00a0il n&rsquo;y a pas discussion sur la mat\u00e9rialit\u00e9 des faits\u00a0\u00bb, a insist\u00e9 l&rsquo;avocat g\u00e9n\u00e9ral, esp\u00e9rant que le \u00ab\u00a0sentiment de culpabilit\u00e9 des victimes\u00a0\u00bb s&rsquo;estompe.<\/p>\n<p>En plus de la peine de prison, il a r\u00e9clam\u00e9 un suivi sociojudiciaire avec une injonction de soin pour sept ans. Car \u00ab\u00a0toutes les inqui\u00e9tudes ne sont pas lev\u00e9es \u00e0 l&rsquo;issue de l&rsquo;audience\u00a0\u00bb, a aussi estim\u00e9 le repr\u00e9sentant du minist\u00e8re public apr\u00e8s deux jours de proc\u00e8s o\u00f9 l&rsquo;accus\u00e9 s&rsquo;est d\u00e9fendu en affirmant qu&rsquo;il pratiquait des gestes m\u00e9dicaux et non sexuels.<\/p>\n<p> \u00ab\u00a0Confiance trahie\u00a0\u00bb <\/p>\n<p>\u00ab\u00a0Un acte m\u00e9dical, pour \u00eatre compris, n\u00e9cessite une information pr\u00e9cise, pour permettre un consentement \u00e9clair\u00e9. Les victimes ont \u00e9t\u00e9 priv\u00e9es de cette possibilit\u00e9 de consentir ou non \u00e0 un acte\u00a0\u00bb, a encore estim\u00e9 le repr\u00e9sentant du minist\u00e8re public.<\/p>\n<p>Plus t\u00f4t vendredi, la pr\u00e9sidente de la cour criminelle de l&rsquo;H\u00e9rault, Sylvie Rouanne, lui avait lanc\u00e9: \u00ab\u00a0Vous \u00e9voquez seulement une responsabilit\u00e9 morale de la part d&rsquo;un mauvais professionnel de sant\u00e9. Pourtant, ces femmes d\u00e9crivent toutes des masturbations. Je pense qu&rsquo;une femme est capable de faire la diff\u00e9rence\u00a0\u00bb avec un acte m\u00e9dical.<\/p>\n<p>Jeudi, une assistante v\u00e9t\u00e9rinaire de 39 ans qui l&rsquo;avait consult\u00e9 pendant et apr\u00e8s sa grossesse en 2015 avait racont\u00e9: \u00ab\u00a0\u00c7a a d\u00e9rap\u00e9 lors d&rsquo;une s\u00e9ance: il s&rsquo;est mis \u00e0 faire des mouvements de va-et-vient de plus en plus rapides. Ce n&rsquo;\u00e9tait plus m\u00e9dical, c&rsquo;\u00e9tait de la masturbation\u00a0\u00bb.<\/p>\n<p>\u00ab\u00a0Elle m&rsquo;avait dit qu&rsquo;elle n&rsquo;\u00e9prouvait plus de plaisir. Mon intention \u00e9tait de lui montrer que son p\u00e9rin\u00e9e \u00e9tait sain. Elle a peut-\u00eatre trouv\u00e9 que c&rsquo;\u00e9tait masturbatoire, mais ce n&rsquo;est pas du tout une masturbation\u00a0\u00bb, s&rsquo;\u00e9tait d\u00e9fendu l&rsquo;accus\u00e9.<\/p>\n<p>Pourtant ses actions ont boulevers\u00e9 des vies intimes. \u00ab\u00a0Je n&rsquo;ai jamais retrouv\u00e9 de sexualit\u00e9 apais\u00e9e. A chaque fois, il est l\u00e0\u00a0\u00bb et \u00ab\u00a0la plupart de mes relations sexuelles ont ensuite \u00e9t\u00e9 alcoolis\u00e9es\u00a0\u00bb, avait confi\u00e9 une autre victime, professeure des \u00e9coles de 43 ans.<\/p>\n<p>Alors pour le procureur, \u00ab\u00a0la confiance a \u00e9t\u00e9 trahie: celle de sa profession, de ses coll\u00e8gues sage-femmes, mais avant tout de ses patientes\u00a0\u00bb.<\/p>\n<p>Le verdict est attendu vendredi soir. Lionel Charvin encourt au maximum 20 ans de r\u00e9clusion.<\/p>\n","protected":false},"excerpt":{"rendered":"\u00ab\u00a0C&rsquo;est le dossier de la lib\u00e9ration de la parole, qui a \u00e9t\u00e9 verrouill\u00e9e par la honte, par la&hellip;\n","protected":false},"author":2,"featured_media":369102,"comment_status":"","ping_status":"","sticky":false,"template":"","format":"standard","meta":{"footnotes":""},"categories":[9599],"tags":[1111,11,1777,674,1011,27,303,2208,12,2680,25],"class_list":{"0":"post-369101","1":"post","2":"type-post","3":"status-publish","4":"format-standard","5":"has-post-thumbnail","7":"category-montpellier","8":"tag-actu","9":"tag-actualites","10":"tag-eu","11":"tag-europe","12":"tag-fr","13":"tag-france","14":"tag-justice","15":"tag-montpellier","16":"tag-news","17":"tag-occitanie","18":"tag-republique-francaise"},"share_on_mastodon":{"url":"https:\/\/pubeurope.com\/@fr\/115153840750817056","error":""},"_links":{"self":[{"href":"https:\/\/www.europesays.com\/fr\/wp-json\/wp\/v2\/posts\/369101","targetHints":{"allow":["GET"]}}],"collection":[{"href":"https:\/\/www.europesays.com\/fr\/wp-json\/wp\/v2\/posts"}],"about":[{"href":"https:\/\/www.europesays.com\/fr\/wp-json\/wp\/v2\/types\/post"}],"author":[{"embeddable":true,"href":"https:\/\/www.europesays.com\/fr\/wp-json\/wp\/v2\/users\/2"}],"replies":[{"embeddable":true,"href":"https:\/\/www.europesays.com\/fr\/wp-json\/wp\/v2\/comments?post=369101"}],"version-history":[{"count":0,"href":"https:\/\/www.europesays.com\/fr\/wp-json\/wp\/v2\/posts\/369101\/revisions"}],"wp:featuredmedia":[{"embeddable":true,"href":"https:\/\/www.europesays.com\/fr\/wp-json\/wp\/v2\/media\/369102"}],"wp:attachment":[{"href":"https:\/\/www.europesays.com\/fr\/wp-json\/wp\/v2\/media?parent=369101"}],"wp:term":[{"taxonomy":"category","embeddable":true,"href":"https:\/\/www.europesays.com\/fr\/wp-json\/wp\/v2\/categories?post=369101"},{"taxonomy":"post_tag","embeddable":true,"href":"https:\/\/www.europesays.com\/fr\/wp-json\/wp\/v2\/tags?post=369101"}],"curies":[{"name":"wp","href":"https:\/\/api.w.org\/{rel}","templated":true}]}}