{"id":369119,"date":"2025-09-05T21:47:11","date_gmt":"2025-09-05T21:47:11","guid":{"rendered":"https:\/\/www.europesays.com\/fr\/369119\/"},"modified":"2025-09-05T21:47:11","modified_gmt":"2025-09-05T21:47:11","slug":"nice-un-suisse-place-en-garde-a-vue-apres-des-injures-envers-un-rabbin","status":"publish","type":"post","link":"https:\/\/www.europesays.com\/fr\/369119\/","title":{"rendered":"Nice\u00a0: un Suisse plac\u00e9 en garde \u00e0 vue apr\u00e8s des \u00ab\u00a0injures\u00a0\u00bb envers un rabbin"},"content":{"rendered":"<p class=\"paragraph text_align_left lp-f-body-02\">Un <a href=\"https:\/\/www.leparisien.fr\/hauts-de-seine-92\/agression-dun-rabbin-a-neuilly-les-courageux-de-la-place-du-marche-decores-27-08-2025-33BF57ATYVDDBPRJPCOWWI7FYE.php\" target=\"_blank\" rel=\"noreferrer noopener\">rabbin<\/a> a \u00e9t\u00e9 victime d\u2019injures de la part d\u2019un touriste suisse dans l\u2019apr\u00e8s-midi de ce vendredi 5 septembre \u00e0 <a href=\"https:\/\/www.leparisien.fr\/faits-divers\/mystere-du-crash-de-la-caravelle-ajaccio-nice-en-1968-la-justice-relance-les-recherches-05-09-2025-FLBPDSYTERHVJA5DBJCNRIZWQ4.php\" target=\"_blank\" rel=\"noreferrer noopener\">Nice<\/a>, relate le pr\u00e9fet des <a href=\"https:\/\/www.leparisien.fr\/alpes-maritimes-06\/\" target=\"_blank\" rel=\"noreferrer noopener\">Alpes-Maritimes<\/a> dans une publication sur X.<\/p>\n<p class=\"paragraph text_align_left lp-f-body-02\">Selon cette m\u00eame source, l\u2019homme &#8211; \u00ab inconnu des services en France \u00bb &#8211; a \u00e9t\u00e9 interpell\u00e9 par la police nationale dans le tramway, alors qu\u2019il avait pris la fuite. Il a \u00e9t\u00e9 plac\u00e9 en garde \u00e0 vue.<\/p>\n<blockquote class=\"twitter-tweet\">\n<p lang=\"fr\" dir=\"ltr\">Aujourd&rsquo;hui en fin d\u2019apr\u00e8s-midi, dans le secteur rue de France \u00e0 Nice, un rabbin a \u00e9t\u00e9 victime d\u2019injures de la part d&rsquo;un touriste, ressortissant suisse, inconnu des services en France. <br \/>Alert\u00e9s, les policiers nationaux sont imm\u00e9diatement intervenus et ont proc\u00e9d\u00e9 \u00e0 son\u2026<\/p>\n<p>\u2014 Pr\u00e9fet des Alpes-Maritimes\ud83c\uddeb\ud83c\uddf7 (@prefet06) <a href=\"https:\/\/twitter.com\/prefet06\/status\/1964033453441085782?ref_src=twsrc%5Etfw\" target=\"_blank\" rel=\"noopener\">September 5, 2025<\/a><\/p><\/blockquote>\n<p class=\"paragraph text_align_left lp-f-body-02\">\u00ab Je condamne fermement ces actes (\u2026) Aucune tol\u00e9rance ne sera accord\u00e9e dans notre d\u00e9partement \u00e0 tout auteur d\u2019actes ou de propos, racistes ou antis\u00e9mites \u00bb, rappelle Laurent Hottiaux.<\/p>\n<p>\u00ab Combattre l\u2019antis\u00e9mitisme \u00bb<\/p>\n<p class=\"paragraph text_align_left lp-f-body-02\">De son c\u00f4t\u00e9, le maire de Nice <a href=\"https:\/\/www.leparisien.fr\/elections\/municipales\/municipales-2026-a-nice-la-guerre-entre-eric-ciotti-et-christian-estrosi-est-officiellement-lancee-20-08-2025-EBSMAYCSFBFARHPSVTAJSZDLRY.php\" target=\"_blank\" rel=\"noreferrer noopener\">Christian Estrosi<\/a> dit sur X avoir adress\u00e9 \u00ab un message \u00bb au rabbin, \u00ab pour l\u2019assurer \u00bb de ton soutien \u00ab et lui dire ma d\u00e9termination \u00e0 combattre avec toute mon \u00e9nergie, l\u2019antis\u00e9mitisme \u00bb.<\/p>\n<p class=\"paragraph text_align_left lp-f-body-02\">Jeudi 4 septembre, un groupe de militants propalestiniens s\u2019\u00e9tait introduit dans la synagogue Beth Habad, en plein centre de Nice. Trois militants, deux femmes quadrag\u00e9naires et un homme sexag\u00e9naire, avaient \u00e9t\u00e9 interpell\u00e9s et plac\u00e9s en garde \u00e0 vue dans le cadre d\u2019une enqu\u00eate en flagrance ouverte pour violences aggrav\u00e9es par trois circonstances : sur personne vuln\u00e9rable, en r\u00e9union et en raison de la religion et injures publiques en raison de la religion.<\/p>\n<p class=\"paragraph text_align_left lp-f-body-02\">L\u2019\u00e9dile a indiqu\u00e9 ce vendredi soir que \u00ab Face \u00e0 l\u2019<a href=\"https:\/\/www.leparisien.fr\/societe\/antisemitisme-646-actes-recenses-en-france-de-janvier-a-juin-25-08-2025-LDJVJ5GR3JA5LERYFDOSFBAYBA.php\" target=\"_blank\" rel=\"noreferrer noopener\">explosion des actes et comportements antis\u00e9mites<\/a> \u00bb, il \u00ab exige des mesures imm\u00e9diates, fermes et exemplaires de la part de l\u2019\u00c9tat. La R\u00e9publique doit prot\u00e9ger nos concitoyens juifs, sans faiblesse \u00bb.<\/p>\n<p><script async src=\"https:\/\/platform.twitter.com\/widgets.js\" charset=\"utf-8\"><\/script><\/p>\n","protected":false},"excerpt":{"rendered":"Un rabbin a \u00e9t\u00e9 victime d\u2019injures de la part d\u2019un touriste suisse dans l\u2019apr\u00e8s-midi de ce vendredi 5&hellip;\n","protected":false},"author":2,"featured_media":369120,"comment_status":"","ping_status":"","sticky":false,"template":"","format":"standard","meta":{"footnotes":""},"categories":[2819],"tags":[1111,11,6657,459,1777,674,118,1011,27,12,2401,882,25],"class_list":{"0":"post-369119","1":"post","2":"type-post","3":"status-publish","4":"format-standard","5":"has-post-thumbnail","7":"category-nice","8":"tag-actu","9":"tag-actualites","10":"tag-alpes-maritimes-06","11":"tag-departements-horsidfo","12":"tag-eu","13":"tag-europe","14":"tag-faits-divers","15":"tag-fr","16":"tag-france","17":"tag-news","18":"tag-nice","19":"tag-provence-alpes-cote-dazur","20":"tag-republique-francaise"},"share_on_mastodon":{"url":"https:\/\/pubeurope.com\/@fr\/115153891700281786","error":""},"_links":{"self":[{"href":"https:\/\/www.europesays.com\/fr\/wp-json\/wp\/v2\/posts\/369119","targetHints":{"allow":["GET"]}}],"collection":[{"href":"https:\/\/www.europesays.com\/fr\/wp-json\/wp\/v2\/posts"}],"about":[{"href":"https:\/\/www.europesays.com\/fr\/wp-json\/wp\/v2\/types\/post"}],"author":[{"embeddable":true,"href":"https:\/\/www.europesays.com\/fr\/wp-json\/wp\/v2\/users\/2"}],"replies":[{"embeddable":true,"href":"https:\/\/www.europesays.com\/fr\/wp-json\/wp\/v2\/comments?post=369119"}],"version-history":[{"count":0,"href":"https:\/\/www.europesays.com\/fr\/wp-json\/wp\/v2\/posts\/369119\/revisions"}],"wp:featuredmedia":[{"embeddable":true,"href":"https:\/\/www.europesays.com\/fr\/wp-json\/wp\/v2\/media\/369120"}],"wp:attachment":[{"href":"https:\/\/www.europesays.com\/fr\/wp-json\/wp\/v2\/media?parent=369119"}],"wp:term":[{"taxonomy":"category","embeddable":true,"href":"https:\/\/www.europesays.com\/fr\/wp-json\/wp\/v2\/categories?post=369119"},{"taxonomy":"post_tag","embeddable":true,"href":"https:\/\/www.europesays.com\/fr\/wp-json\/wp\/v2\/tags?post=369119"}],"curies":[{"name":"wp","href":"https:\/\/api.w.org\/{rel}","templated":true}]}}