{"id":369130,"date":"2025-09-05T21:54:12","date_gmt":"2025-09-05T21:54:12","guid":{"rendered":"https:\/\/www.europesays.com\/fr\/369130\/"},"modified":"2025-09-05T21:54:12","modified_gmt":"2025-09-05T21:54:12","slug":"festival-les-vents-contraires-a-faches-thumesnil-le-vendredi-19-septembre-2025","status":"publish","type":"post","link":"https:\/\/www.europesays.com\/fr\/369130\/","title":{"rendered":"Festival Les Vents Contraires \u00e0 Faches-Thumesnil le vendredi 19 septembre 2025"},"content":{"rendered":"<p>\n<strong>Le Collectif du Contrevent<\/strong> organise la <strong>4e \u00e9dition du festival solidaire \u00ab\u00a0Les Vents Contraires\u00a0\u00bb<\/strong> les <strong>19, 20 et 21 septembre 2025<\/strong> au <strong>Parc des Aub\u00e9pines \u00e0 Faches-Thumesnil<\/strong>. Ce rendez-vous festif et \u00e9co-engag\u00e9 s&rsquo;\u00e9tend pour la premi\u00e8re fois sur <strong>trois jours<\/strong> avec des concerts (Send Me Love Letters, Radio Byzance, Ashkabad, Lysten, Omar EK&#8230;), un <strong>dimanche guinguette<\/strong>, un <strong>village associatif<\/strong>, des <strong>activit\u00e9s familiales<\/strong> et une <strong>programmation musicale locale<\/strong>. Ambiance conviviale, bar et restauration 100% maison ! Et le tout \u00e0 prix doux !<\/p>\n","protected":false},"excerpt":{"rendered":"Le Collectif du Contrevent organise la 4e \u00e9dition du festival solidaire \u00ab\u00a0Les Vents Contraires\u00a0\u00bb les 19, 20 et&hellip;\n","protected":false},"author":2,"featured_media":369131,"comment_status":"","ping_status":"","sticky":false,"template":"","format":"standard","meta":{"footnotes":""},"categories":[2815],"tags":[1111,11,1777,674,1011,27,811,1307,12,25],"class_list":{"0":"post-369130","1":"post","2":"type-post","3":"status-publish","4":"format-standard","5":"has-post-thumbnail","7":"category-lille","8":"tag-actu","9":"tag-actualites","10":"tag-eu","11":"tag-europe","12":"tag-fr","13":"tag-france","14":"tag-hauts-de-france","15":"tag-lille","16":"tag-news","17":"tag-republique-francaise"},"share_on_mastodon":{"url":"https:\/\/pubeurope.com\/@fr\/115153919267450884","error":""},"_links":{"self":[{"href":"https:\/\/www.europesays.com\/fr\/wp-json\/wp\/v2\/posts\/369130","targetHints":{"allow":["GET"]}}],"collection":[{"href":"https:\/\/www.europesays.com\/fr\/wp-json\/wp\/v2\/posts"}],"about":[{"href":"https:\/\/www.europesays.com\/fr\/wp-json\/wp\/v2\/types\/post"}],"author":[{"embeddable":true,"href":"https:\/\/www.europesays.com\/fr\/wp-json\/wp\/v2\/users\/2"}],"replies":[{"embeddable":true,"href":"https:\/\/www.europesays.com\/fr\/wp-json\/wp\/v2\/comments?post=369130"}],"version-history":[{"count":0,"href":"https:\/\/www.europesays.com\/fr\/wp-json\/wp\/v2\/posts\/369130\/revisions"}],"wp:featuredmedia":[{"embeddable":true,"href":"https:\/\/www.europesays.com\/fr\/wp-json\/wp\/v2\/media\/369131"}],"wp:attachment":[{"href":"https:\/\/www.europesays.com\/fr\/wp-json\/wp\/v2\/media?parent=369130"}],"wp:term":[{"taxonomy":"category","embeddable":true,"href":"https:\/\/www.europesays.com\/fr\/wp-json\/wp\/v2\/categories?post=369130"},{"taxonomy":"post_tag","embeddable":true,"href":"https:\/\/www.europesays.com\/fr\/wp-json\/wp\/v2\/tags?post=369130"}],"curies":[{"name":"wp","href":"https:\/\/api.w.org\/{rel}","templated":true}]}}