{"id":369150,"date":"2025-09-05T22:05:13","date_gmt":"2025-09-05T22:05:13","guid":{"rendered":"https:\/\/www.europesays.com\/fr\/369150\/"},"modified":"2025-09-05T22:05:13","modified_gmt":"2025-09-05T22:05:13","slug":"joueurs-et-entraineur-blesses-jour-noir-pour-le-paris-saint-germain-france-paris-saint-germain","status":"publish","type":"post","link":"https:\/\/www.europesays.com\/fr\/369150\/","title":{"rendered":"Joueurs et entra\u00eeneur bless\u00e9s : jour noir pour le Paris Saint-Germain &#8211; France &#8211; Paris Saint-Germain"},"content":{"rendered":"<p>Un France-Ukraine qui laisse des traces.<\/p>\n<p>Lors de <a target=\"_blank\" href=\"https:\/\/www.sofoot.com\/articles\/la-france-reussit-sa-rentree-contre-lukraine-et-lance-sa-route-vers-la-coupe-du-monde-2026\" rel=\"nofollow noopener\">la victoire des Bleus dans ce match comptant pour les qualifications \u00e0 la Coupe du monde 2026<\/a>, les dirigeants du Paris Saint-Germain ont d\u00fb s\u2019arracher les cheveux. Car en l\u2019espace de quelques minutes, <strong>D\u00e9sir\u00e9 Dou\u00e9 et Ousmane Demb\u00e9l\u00e9 se sont bless\u00e9s<\/strong> : le premier a pris un coup au mollet et a laiss\u00e9 sa place \u00e0 la mi-temps au second, qui a ressenti une g\u00eane aux ischio-jambiers.<\/p>\n<blockquote class=\"twitter-tweet\" data-media-max-width=\"560\">\n<p lang=\"fr\" dir=\"ltr\">\ud83c\uddfa\ud83c\udde6Ukraine 0 &#8211; 1 France \ud83c\uddeb\ud83c\uddf7 <a target=\"_blank\" href=\"https:\/\/twitter.com\/hashtag\/UKRFRA?src=hash&amp;ref_src=twsrc%5Etfw\" rel=\"nofollow noopener\">#UKRFRA<\/a><br \/>\nMauvaise nouvelle pour les Bleus et le PSG&#8230; Ousmane Demb\u00e9l\u00e9 sort sur blessure.<br \/>\nLe match \u00e0 suivre en direct sur TF1 &amp; <a target=\"_blank\" href=\"https:\/\/twitter.com\/tf1plus?ref_src=twsrc%5Etfw\" rel=\"nofollow noopener\">@tf1plus<\/a> : <a target=\"_blank\" href=\"https:\/\/t.co\/weZlNONisN\" rel=\"nofollow\">https:\/\/t.co\/weZlNONisN<\/a> <a target=\"_blank\" href=\"https:\/\/t.co\/mwHgCgqGcf\" rel=\"nofollow\">pic.twitter.com\/mwHgCgqGcf<\/a><\/p>\n<p>\u2014 TF1 (@TF1) <a target=\"_blank\" href=\"https:\/\/twitter.com\/TF1\/status\/1964062220687458364?ref_src=twsrc%5Etfw\" rel=\"nofollow noopener\">September 5, 2025<\/a><\/p><\/blockquote>\n<p>Un peu plus t\u00f4t, le club de la capitale avait \u00e9galement communiqu\u00e9 sur <strong>une chute \u00e0 v\u00e9lo de Luis Enrique lui occasionnant une fracture de la clavicule et imposant \u00e0 l\u2019entra\u00eeneur une op\u00e9ration<\/strong>. La journ\u00e9e n\u2019a donc pas \u00e9t\u00e9 de tout repos, pour les employ\u00e9s du PSG\u2026<\/p>\n<p>Il n\u2019y a plus qu\u2019\u00e0 esp\u00e9rer qu\u2019Illya Zabarnyi ne contracte pas une grippe, <a target=\"_blank\" href=\"https:\/\/www.sofoot.com\/breves\/france-ukraine-kylian-mbappe-fait-le-break-et-rejoint-thierry-henry-dans-lhistoire-des-buteurs\" rel=\"nofollow noopener\">le d\u00e9fenseur s\u2019\u00e9tant fait enrhumer par Kylian Mbapp\u00e9<\/a>.<\/p>\n<p><a class=\"tti\" href=\"https:\/\/twitter.com\/PSG_inside\/status\/1964059602255040852\" target=\"_blank\" rel=\"noopener nofollow\"><img decoding=\"async\" loading=\"lazy\" src=\"https:\/\/www.europesays.com\/fr\/wp-content\/uploads\/2025\/09\/1757109913_443_grande.jpg\" alt=\"Tweet\"\/><\/a><\/p>\n<p>\t\t\t\t\t\t\t\t\t\t<a class=\"lien-connexe\" href=\"https:\/\/www.sofoot.com\/breves\/gianluigi-donnarumma-prend-la-parole-apres-son-eviction-du-psg-et-reste-cordial-avec-luis-enrique\" rel=\"nofollow noopener\" target=\"_blank\">Donnarumma cordial avec le PSG et Luis Enrique <\/a>\t\t\t\t\t<script async src=\"https:\/\/platform.twitter.com\/widgets.js\" charset=\"utf-8\"><\/script><\/p>\n","protected":false},"excerpt":{"rendered":"Un France-Ukraine qui laisse des traces. Lors de la victoire des Bleus dans ce match comptant pour les&hellip;\n","protected":false},"author":2,"featured_media":369151,"comment_status":"","ping_status":"","sticky":false,"template":"","format":"standard","meta":{"footnotes":""},"categories":[1888],"tags":[47,11,61,69,65,64,1777,674,63,1011,27,68,66,12,62,626,70,25,67],"class_list":{"0":"post-369150","1":"post","2":"type-post","3":"status-publish","4":"format-standard","5":"has-post-thumbnail","7":"category-paris","8":"tag-actualite","9":"tag-actualites","10":"tag-actus-football","11":"tag-bundesliga","12":"tag-championnats-europeens","13":"tag-equipe-de-france","14":"tag-eu","15":"tag-europe","16":"tag-football","17":"tag-fr","18":"tag-france","19":"tag-ligua","20":"tag-ligue-1","21":"tag-news","22":"tag-news-foot","23":"tag-paris","24":"tag-premier-league","25":"tag-republique-francaise","26":"tag-serie-a"},"share_on_mastodon":{"url":"https:\/\/pubeurope.com\/@fr\/115153962844734071","error":""},"_links":{"self":[{"href":"https:\/\/www.europesays.com\/fr\/wp-json\/wp\/v2\/posts\/369150","targetHints":{"allow":["GET"]}}],"collection":[{"href":"https:\/\/www.europesays.com\/fr\/wp-json\/wp\/v2\/posts"}],"about":[{"href":"https:\/\/www.europesays.com\/fr\/wp-json\/wp\/v2\/types\/post"}],"author":[{"embeddable":true,"href":"https:\/\/www.europesays.com\/fr\/wp-json\/wp\/v2\/users\/2"}],"replies":[{"embeddable":true,"href":"https:\/\/www.europesays.com\/fr\/wp-json\/wp\/v2\/comments?post=369150"}],"version-history":[{"count":0,"href":"https:\/\/www.europesays.com\/fr\/wp-json\/wp\/v2\/posts\/369150\/revisions"}],"wp:featuredmedia":[{"embeddable":true,"href":"https:\/\/www.europesays.com\/fr\/wp-json\/wp\/v2\/media\/369151"}],"wp:attachment":[{"href":"https:\/\/www.europesays.com\/fr\/wp-json\/wp\/v2\/media?parent=369150"}],"wp:term":[{"taxonomy":"category","embeddable":true,"href":"https:\/\/www.europesays.com\/fr\/wp-json\/wp\/v2\/categories?post=369150"},{"taxonomy":"post_tag","embeddable":true,"href":"https:\/\/www.europesays.com\/fr\/wp-json\/wp\/v2\/tags?post=369150"}],"curies":[{"name":"wp","href":"https:\/\/api.w.org\/{rel}","templated":true}]}}