{"id":369210,"date":"2025-09-05T22:39:19","date_gmt":"2025-09-05T22:39:19","guid":{"rendered":"https:\/\/www.europesays.com\/fr\/369210\/"},"modified":"2025-09-05T22:39:19","modified_gmt":"2025-09-05T22:39:19","slug":"ca-ne-fait-quaggraver-la-vetuste-de-nos-locaux","status":"publish","type":"post","link":"https:\/\/www.europesays.com\/fr\/369210\/","title":{"rendered":"\u00ab\u00a0\u00c7a ne fait qu\u2019aggraver la v\u00e9tust\u00e9 de nos locaux\u00a0\u00bb"},"content":{"rendered":"<p>Les violentes intemp\u00e9ries qui se sont abattues sur la ville dans la journ\u00e9e de jeudi ont fait des d\u00e9g\u00e2ts dans les locaux st\u00e9phanois de la SPA (Soci\u00e9t\u00e9 protectrice des animaux), situ\u00e9s rue Florent-\u00c9vrard, dans le quartier de Montmartre.<\/p>\n<p>  La mairie promet \u00ab\u00a0une solution de b\u00e2chage\u00a0\u00bb<\/p>\n<p>Quatre ou cinq box pour animaux ont en effet \u00e9t\u00e9 inond\u00e9s, suite \u00e0 des infiltrations au niveau du toit.<\/p>\n<p>\u00ab\u00a0Nos locaux sont dans un \u00e9tat de v\u00e9tust\u00e9 tellement avanc\u00e9 que la toiture est fragilis\u00e9e. Et ce type d\u2019\u00e9v\u00e9nement ne fait qu\u2019empirer la situation\u00a0\u00bb, regrette Pierre Porterat, directeur de l\u2019association apr\u00e8s en avoir \u00e9t\u00e9 le pr\u00e9sident.<\/p>\n<p>Si quelques animaux ont d\u00fb \u00eatre d\u00e9plac\u00e9s temporairement, tous ont pu regagner leurs box d\u00e8s vendredi. Et les services de la Ville (qui est propri\u00e9taire du site) sont all\u00e9s constater les d\u00e9g\u00e2ts ce vendredi matin.<\/p>\n<p>\u00ab\u00a0Une solution de b\u00e2chage sera mise en place le plus rapidement possible, probablement dans le courant de la semaine prochaine. Elle sera suivie d\u2019un curage des ch\u00e9neaux bouch\u00e9s par le feuillage\u00a0\u00bb, nous a indiqu\u00e9 la mairie.<\/p>\n<p>  Un chantier \u00e0 1\u00a0million d\u2019euros annonc\u00e9 en juin\u00a02024<\/p>\n<p>Sur les r\u00e9seaux sociaux, la pr\u00e9sidente de la SPA, Nadine Clair, a annonc\u00e9, jeudi, lancer une cagnotte en ligne. \u00ab\u00a0On attend toujours les subventions de la Ville pour les travaux. C\u2019est \u00e0 pleurer\u00a0\u00bb, \u00e9crit-elle.<\/p>\n<p>Pierre Porterat nous confirme que <a href=\"https:\/\/www.leprogres.fr\/politique\/2024\/06\/03\/1-million-d-euros-pour-renover-les-locaux-delabres-de-la-spa\" target=\"_blank\" rel=\"noopener\">le grand chantier de r\u00e9novation des locaux promis par la mairie<\/a> n\u2019a toujours pas d\u00e9but\u00e9.<\/p>\n<p>Le maire, Ga\u00ebl Perdriau, avait en effet annonc\u00e9, en juin\u00a02024, une enveloppe de 1\u00a0million d\u2019euros pour r\u00e9nover la totalit\u00e9 du site, qui accueille \u00e0 la fois la SPA, l\u2019association Amis Chats et la fourri\u00e8re animale municipale.<\/p>\n<p>Les travaux \u00e9taient cens\u00e9s commencer \u00e0 l\u2019automne 2024\u2026<\/p>\n","protected":false},"excerpt":{"rendered":"Les violentes intemp\u00e9ries qui se sont abattues sur la ville dans la journ\u00e9e de jeudi ont fait des&hellip;\n","protected":false},"author":2,"featured_media":369211,"comment_status":"","ping_status":"","sticky":false,"template":"","format":"standard","meta":{"footnotes":""},"categories":[9653],"tags":[1111,11,1867,2430,9323,7539,436,1777,674,1011,27,12,25,4001,7538,104],"class_list":{"0":"post-369210","1":"post","2":"type-post","3":"status-publish","4":"format-standard","5":"has-post-thumbnail","7":"category-saint-etienne","8":"tag-actu","9":"tag-actualites","10":"tag-animaux","11":"tag-auvergne-rhone-alpes","12":"tag-catastrophes","13":"tag-edition-loire-sud","14":"tag-environnement","15":"tag-eu","16":"tag-europe","17":"tag-fr","18":"tag-france","19":"tag-news","20":"tag-republique-francaise","21":"tag-saint-etienne","22":"tag-saint-etienne-ville","23":"tag-societe"},"share_on_mastodon":{"url":"https:\/\/pubeurope.com\/@fr\/115154096201406604","error":""},"_links":{"self":[{"href":"https:\/\/www.europesays.com\/fr\/wp-json\/wp\/v2\/posts\/369210","targetHints":{"allow":["GET"]}}],"collection":[{"href":"https:\/\/www.europesays.com\/fr\/wp-json\/wp\/v2\/posts"}],"about":[{"href":"https:\/\/www.europesays.com\/fr\/wp-json\/wp\/v2\/types\/post"}],"author":[{"embeddable":true,"href":"https:\/\/www.europesays.com\/fr\/wp-json\/wp\/v2\/users\/2"}],"replies":[{"embeddable":true,"href":"https:\/\/www.europesays.com\/fr\/wp-json\/wp\/v2\/comments?post=369210"}],"version-history":[{"count":0,"href":"https:\/\/www.europesays.com\/fr\/wp-json\/wp\/v2\/posts\/369210\/revisions"}],"wp:featuredmedia":[{"embeddable":true,"href":"https:\/\/www.europesays.com\/fr\/wp-json\/wp\/v2\/media\/369211"}],"wp:attachment":[{"href":"https:\/\/www.europesays.com\/fr\/wp-json\/wp\/v2\/media?parent=369210"}],"wp:term":[{"taxonomy":"category","embeddable":true,"href":"https:\/\/www.europesays.com\/fr\/wp-json\/wp\/v2\/categories?post=369210"},{"taxonomy":"post_tag","embeddable":true,"href":"https:\/\/www.europesays.com\/fr\/wp-json\/wp\/v2\/tags?post=369210"}],"curies":[{"name":"wp","href":"https:\/\/api.w.org\/{rel}","templated":true}]}}