{"id":369212,"date":"2025-09-05T22:40:20","date_gmt":"2025-09-05T22:40:20","guid":{"rendered":"https:\/\/www.europesays.com\/fr\/369212\/"},"modified":"2025-09-05T22:40:20","modified_gmt":"2025-09-05T22:40:20","slug":"michael-jackson-ressuscite-au-zenith-de-saint-etienne","status":"publish","type":"post","link":"https:\/\/www.europesays.com\/fr\/369212\/","title":{"rendered":"MICHAEL JACKSON RESSUSCITE AU Z\u00c9NITH DE SAINT-\u00c9TIENNE"},"content":{"rendered":"<p>                <a href=\"https:\/\/42info.fr\/terminator-2-au-megarama-chavanelle-hasta-la-vista-baby\/\" target=\"_blank\" aria-label=\"Banni\u00e8re Cin\u00e9ma\" rel=\"noopener\"><img loading=\"lazy\" decoding=\"async\" src=\"https:\/\/www.europesays.com\/fr\/wp-content\/uploads\/2025\/09\/Banniere-Cinema.jpg\" alt=\"\"   width=\"2000\" height=\"902\"\/><\/a><\/p>\n<p>Cette production b\u00e9n\u00e9ficie de la caution officielle de la famille du Roi de la Pop, garantissant l\u2019authenticit\u00e9 de cette c\u00e9l\u00e9bration musicale. Joseph, Jermaine et LaToya Jackson ont apport\u00e9 leur soutien \u00e0 cette initiative artistique ambitieuse. Depuis sa cr\u00e9ation, cette fresque musicale a conquis plus d\u2019un million de spectateurs \u00e0 travers le globe.<\/p>\n<p>Cette com\u00e9die musicale en l\u2019hommage \u00e0 <strong>Michael Jackson<\/strong> c\u00e9l\u00e8bre actuellement ses trois ann\u00e9es d\u2019existence avec un savoir-faire artistique affin\u00e9 au fil des repr\u00e9sentations.  L\u2019\u00e9volution constante du spectacle permet d\u2019offrir au public une exp\u00e9rience toujours renouvel\u00e9e. Cette maturit\u00e9 artistique se ressent dans chaque d\u00e9tail de la mise en sc\u00e8ne et des performances propos\u00e9es. 20 artistes et danseurs vont vous proposer un spectacle exceptionnelle avec la musique de <strong>Michael Jackson<\/strong> au tempo.<\/p>\n<p>Une distribution de vingt virtuoses<\/p>\n<p>L\u2019effectif artistique rassemble deux dizaines de performeurs d\u00e9di\u00e9s \u00e0 la reproduction fid\u00e8le de l\u2019univers jacksonien. Cette \u00e9quipe polyvalente ma\u00eetrise l\u2019ensemble des disciplines n\u00e9cessaires : chant, danse, th\u00e9\u00e2tre et musiciens. Au-del\u00e0 du divertissement, cette production v\u00e9hicule les valeurs environnementales ch\u00e8res \u00e0 l\u2019artiste disparu. Son engagement pour la protection de la plan\u00e8te r\u00e9sonne particuli\u00e8rement dans le contexte climatique actuel. Le Z\u00e9nith de Saint-\u00c9tienne accueillera cette production exceptionnelle, hommage \u00e0 <strong>Michael Jackson<\/strong>, <strong>le mercredi 27 janvier 2027.<\/strong> Cette date marquera une \u00e9tape importante dans la programmation culturelle de la m\u00e9tropole lig\u00e9rienne.<\/p>\n","protected":false},"excerpt":{"rendered":"Cette production b\u00e9n\u00e9ficie de la caution officielle de la famille du Roi de la Pop, garantissant l\u2019authenticit\u00e9 de&hellip;\n","protected":false},"author":2,"featured_media":369213,"comment_status":"","ping_status":"","sticky":false,"template":"","format":"standard","meta":{"footnotes":""},"categories":[9653],"tags":[1111,11,2430,1777,674,1011,27,3367,35268,12,25,4001],"class_list":{"0":"post-369212","1":"post","2":"type-post","3":"status-publish","4":"format-standard","5":"has-post-thumbnail","7":"category-saint-etienne","8":"tag-actu","9":"tag-actualites","10":"tag-auvergne-rhone-alpes","11":"tag-eu","12":"tag-europe","13":"tag-fr","14":"tag-france","15":"tag-loire","16":"tag-michael-jackson","17":"tag-news","18":"tag-republique-francaise","19":"tag-saint-etienne"},"share_on_mastodon":{"url":"https:\/\/pubeurope.com\/@fr\/115154100111839853","error":""},"_links":{"self":[{"href":"https:\/\/www.europesays.com\/fr\/wp-json\/wp\/v2\/posts\/369212","targetHints":{"allow":["GET"]}}],"collection":[{"href":"https:\/\/www.europesays.com\/fr\/wp-json\/wp\/v2\/posts"}],"about":[{"href":"https:\/\/www.europesays.com\/fr\/wp-json\/wp\/v2\/types\/post"}],"author":[{"embeddable":true,"href":"https:\/\/www.europesays.com\/fr\/wp-json\/wp\/v2\/users\/2"}],"replies":[{"embeddable":true,"href":"https:\/\/www.europesays.com\/fr\/wp-json\/wp\/v2\/comments?post=369212"}],"version-history":[{"count":0,"href":"https:\/\/www.europesays.com\/fr\/wp-json\/wp\/v2\/posts\/369212\/revisions"}],"wp:featuredmedia":[{"embeddable":true,"href":"https:\/\/www.europesays.com\/fr\/wp-json\/wp\/v2\/media\/369213"}],"wp:attachment":[{"href":"https:\/\/www.europesays.com\/fr\/wp-json\/wp\/v2\/media?parent=369212"}],"wp:term":[{"taxonomy":"category","embeddable":true,"href":"https:\/\/www.europesays.com\/fr\/wp-json\/wp\/v2\/categories?post=369212"},{"taxonomy":"post_tag","embeddable":true,"href":"https:\/\/www.europesays.com\/fr\/wp-json\/wp\/v2\/tags?post=369212"}],"curies":[{"name":"wp","href":"https:\/\/api.w.org\/{rel}","templated":true}]}}