{"id":369214,"date":"2025-09-05T22:42:36","date_gmt":"2025-09-05T22:42:36","guid":{"rendered":"https:\/\/www.europesays.com\/fr\/369214\/"},"modified":"2025-09-05T22:42:36","modified_gmt":"2025-09-05T22:42:36","slug":"meet4hydrogen-a-nancy-levenement-qui-veut-tordre-le-cou-au-marasme-ambiant","status":"publish","type":"post","link":"https:\/\/www.europesays.com\/fr\/369214\/","title":{"rendered":"Meet4Hydrogen \u00e0 Nancy : l&rsquo;\u00e9v\u00e9nement qui veut tordre le cou au marasme ambiant"},"content":{"rendered":"<p>\tMeet4Hydrogen \u00e0 Nancy : l&rsquo;\u00e9v\u00e9nement qui veut tordre le cou au marasme ambiant &#8211; H2Today<\/p>\n<p>\t&#13;<br \/>\n&#13;<br \/>\n&#13;<\/p>\n<p><a aria-label=\"Scroll to the top of the page\" href=\"#\" id=\"scroll-top\" class=\"scroll-top-right\"><\/a><br \/>\n&#13;<br \/>\n&#13;<br \/>\n&#13;<br \/>\n&#13;<\/p>\n<p>&#13;<br \/>\n\t\t&#13;<\/p>\n<p>Nous utilisons des cookies pour nous assurer que vous b\u00e9n\u00e9ficiez de la meilleure exp\u00e9rience possible sur notre site web. Si vous continuez \u00e0 utiliser ce site, nous supposerons que vous en \u00eates satisfait.Ok<\/p>\n<p>\t\t&#13;<br \/>\n\t\t&#13;<\/p>\n","protected":false},"excerpt":{"rendered":"Meet4Hydrogen \u00e0 Nancy : l&rsquo;\u00e9v\u00e9nement qui veut tordre le cou au marasme ambiant &#8211; H2Today &#13; &#13; &#13;&hellip;\n","protected":false},"author":2,"featured_media":369215,"comment_status":"","ping_status":"","sticky":false,"template":"","format":"standard","meta":{"footnotes":""},"categories":[9635],"tags":[1111,11,1777,674,1011,27,775,1702,12,25],"class_list":{"0":"post-369214","1":"post","2":"type-post","3":"status-publish","4":"format-standard","5":"has-post-thumbnail","7":"category-nancy","8":"tag-actu","9":"tag-actualites","10":"tag-eu","11":"tag-europe","12":"tag-fr","13":"tag-france","14":"tag-grand-est","15":"tag-nancy","16":"tag-news","17":"tag-republique-francaise"},"share_on_mastodon":{"url":"https:\/\/pubeurope.com\/@fr\/115154107993284813","error":""},"_links":{"self":[{"href":"https:\/\/www.europesays.com\/fr\/wp-json\/wp\/v2\/posts\/369214","targetHints":{"allow":["GET"]}}],"collection":[{"href":"https:\/\/www.europesays.com\/fr\/wp-json\/wp\/v2\/posts"}],"about":[{"href":"https:\/\/www.europesays.com\/fr\/wp-json\/wp\/v2\/types\/post"}],"author":[{"embeddable":true,"href":"https:\/\/www.europesays.com\/fr\/wp-json\/wp\/v2\/users\/2"}],"replies":[{"embeddable":true,"href":"https:\/\/www.europesays.com\/fr\/wp-json\/wp\/v2\/comments?post=369214"}],"version-history":[{"count":0,"href":"https:\/\/www.europesays.com\/fr\/wp-json\/wp\/v2\/posts\/369214\/revisions"}],"wp:featuredmedia":[{"embeddable":true,"href":"https:\/\/www.europesays.com\/fr\/wp-json\/wp\/v2\/media\/369215"}],"wp:attachment":[{"href":"https:\/\/www.europesays.com\/fr\/wp-json\/wp\/v2\/media?parent=369214"}],"wp:term":[{"taxonomy":"category","embeddable":true,"href":"https:\/\/www.europesays.com\/fr\/wp-json\/wp\/v2\/categories?post=369214"},{"taxonomy":"post_tag","embeddable":true,"href":"https:\/\/www.europesays.com\/fr\/wp-json\/wp\/v2\/tags?post=369214"}],"curies":[{"name":"wp","href":"https:\/\/api.w.org\/{rel}","templated":true}]}}