{"id":369216,"date":"2025-09-05T22:43:12","date_gmt":"2025-09-05T22:43:12","guid":{"rendered":"https:\/\/www.europesays.com\/fr\/369216\/"},"modified":"2025-09-05T22:43:12","modified_gmt":"2025-09-05T22:43:12","slug":"amou-le-forum-des-associations-en-marqueur-de-la-rentree-sud-ouest","status":"publish","type":"post","link":"https:\/\/www.europesays.com\/fr\/369216\/","title":{"rendered":"Amou : le Forum des associations en marqueur de la rentr\u00e9e &#8211; Sud Ouest"},"content":{"rendered":"<ol>\n<li><a href=\"https:\/\/news.google.com\/rss\/articles\/CBMiqAFBVV95cUxNVWpYQzNsR1NKYk8yREpvQXBrZ0E3WDZLQnRoM0tQOUNqYi13YTkyRDFfa0FiY2JRTVBVd01qQlhCZ3FaWVhYS2V2SWFBMGxQTlJFczU3YWxFdzdTM2hPX3VpN3V1RWpLak1zazgzV0paREFkZUVWUWNVWXNVUW43S2RDdzMzRnozcXl6WV9hdWZzZ2taUXVlN2xFa1F5aVpUdGJsNmFNWnE?oc=5\" target=\"_blank\" rel=\"nofollow noopener\">Amou : le Forum des associations en marqueur de la rentr\u00e9e<\/a>&nbsp;&nbsp;Sud Ouest<\/li>\n<li><a href=\"https:\/\/news.google.com\/rss\/articles\/CBMipwFBVV95cUxOTmFKU2JyVFA1NWJiSlRjSEREZVlkM00wVFp1cTN0M2xFbjNLaDBaMVk1cnBUZjY4SGhfMGRWT3FBSWh3S0JkZDRVbzcxb0FPN1NZN0VIZnpUOWYycnVuc3J3ajRNYl9RSG9vN05SdmhYUUViRkZoOV9DcUQxRFlRak9uYU1XSnFCSlNFZU9aUjVaNERtU1UwQkZJQ3JOR0FGdGlmX0g2Yw?oc=5\" target=\"_blank\" rel=\"nofollow noopener\">Montm\u00e9lian. Une cinquantaine d\u2019associations participe au forum<\/a>&nbsp;&nbsp;Le Dauphin\u00e9 Lib\u00e9r\u00e9<\/li>\n<li><a href=\"https:\/\/news.google.com\/rss\/articles\/CBMi5AFBVV95cUxPdEk4UXJ6dFVmNkhTT29jQV80Ny1VUTJQODBGNHBxUXN1cVJodnRjZFMxenc5eC1XUDFockhoWHJmTC10eXNGcVNWUFhrVlVRVnhfTTRkLWRJYzNzRGhkY0JETTZvMGxKVVlJRnhUbW5CVEItbWVvcVFlUWd1cElDd0ltOHV0eS1oaEYybUV5bkJMRXhsTEdieFVuOGVoMEY4QVNXZGM3SmhhQVdMQUgwWkppeFNpejAwQlk4LUJaV2tnMjRsYmUwY2tCeU9RZjJaMnZybG5PNUpqRDN3WkRyME1OYmk?oc=5\" target=\"_blank\" rel=\"nofollow noopener\">Le Forum des associations de Limoges, c&rsquo;est ce week-end des 6 et 7 septembre au parc des expositions<\/a>&nbsp;&nbsp;Le Populaire du Centre<\/li>\n<li><a href=\"https:\/\/news.google.com\/rss\/articles\/CBMiswFBVV95cUxNT1hXLUFYQ29DYTVXRnY4UWl4NXI5dm9Qdk8wbzhBWmNMSnBwbEhNOTlTVFBIcmdia3E3ME1iMGRWOW96WkhrbFdWTVRMX2NDRTkxMWp2SzBrc3ZIamJCSXVaVUZJNHRRN01rRVhQWTkyUm13cEI2eVRoMUw2QWJ6ZnpOaUUtal9reWhwUUFMSWFfLXNmbnFoTFd5cGN1eWJ2ZERiU1JDZlZLSWFWalNDcVN3cw?oc=5\" target=\"_blank\" rel=\"nofollow noopener\">Tavaux. Sport ou culture, la f\u00eate des associations pour se trouver une passion<\/a>&nbsp;&nbsp;Le Progr\u00e8s<\/li>\n<\/ol>\n","protected":false},"excerpt":{"rendered":"Amou : le Forum des associations en marqueur de la rentr\u00e9e&nbsp;&nbsp;Sud Ouest Montm\u00e9lian. Une cinquantaine d\u2019associations participe au&hellip;\n","protected":false},"author":2,"featured_media":369217,"comment_status":"","ping_status":"","sticky":false,"template":"","format":"standard","meta":{"footnotes":""},"categories":[9619],"tags":[1111,11,1777,674,1011,27,12,882,25,2310],"class_list":{"0":"post-369216","1":"post","2":"type-post","3":"status-publish","4":"format-standard","5":"has-post-thumbnail","7":"category-toulon","8":"tag-actu","9":"tag-actualites","10":"tag-eu","11":"tag-europe","12":"tag-fr","13":"tag-france","14":"tag-news","15":"tag-provence-alpes-cote-dazur","16":"tag-republique-francaise","17":"tag-toulon"},"share_on_mastodon":{"url":"https:\/\/pubeurope.com\/@fr\/115154111949094474","error":""},"_links":{"self":[{"href":"https:\/\/www.europesays.com\/fr\/wp-json\/wp\/v2\/posts\/369216","targetHints":{"allow":["GET"]}}],"collection":[{"href":"https:\/\/www.europesays.com\/fr\/wp-json\/wp\/v2\/posts"}],"about":[{"href":"https:\/\/www.europesays.com\/fr\/wp-json\/wp\/v2\/types\/post"}],"author":[{"embeddable":true,"href":"https:\/\/www.europesays.com\/fr\/wp-json\/wp\/v2\/users\/2"}],"replies":[{"embeddable":true,"href":"https:\/\/www.europesays.com\/fr\/wp-json\/wp\/v2\/comments?post=369216"}],"version-history":[{"count":0,"href":"https:\/\/www.europesays.com\/fr\/wp-json\/wp\/v2\/posts\/369216\/revisions"}],"wp:featuredmedia":[{"embeddable":true,"href":"https:\/\/www.europesays.com\/fr\/wp-json\/wp\/v2\/media\/369217"}],"wp:attachment":[{"href":"https:\/\/www.europesays.com\/fr\/wp-json\/wp\/v2\/media?parent=369216"}],"wp:term":[{"taxonomy":"category","embeddable":true,"href":"https:\/\/www.europesays.com\/fr\/wp-json\/wp\/v2\/categories?post=369216"},{"taxonomy":"post_tag","embeddable":true,"href":"https:\/\/www.europesays.com\/fr\/wp-json\/wp\/v2\/tags?post=369216"}],"curies":[{"name":"wp","href":"https:\/\/api.w.org\/{rel}","templated":true}]}}