{"id":369218,"date":"2025-09-05T22:44:11","date_gmt":"2025-09-05T22:44:11","guid":{"rendered":"https:\/\/www.europesays.com\/fr\/369218\/"},"modified":"2025-09-05T22:44:11","modified_gmt":"2025-09-05T22:44:11","slug":"face-au-rc-toulon-montpellier-veut-entamer-son-renouveau","status":"publish","type":"post","link":"https:\/\/www.europesays.com\/fr\/369218\/","title":{"rendered":"Face au RC Toulon, Montpellier veut entamer son renouveau"},"content":{"rendered":"\n<p>C\u2019est une \u00e9quipe du Montpellier H\u00e9rault Rugby revancharde qui attend le RC\u00a0Toulon, ce samedi. Apr\u00e8s son titre de champion en 2022, le club h\u00e9raultais a fris\u00e9 la correctionnelle en 2024 (13e, maintenu pour un point en barrage face \u00e0 Grenoble), et connu deux exercices 2023 (11e) et 2025 (9e, \u00e0 une place d\u2019une qualification en Champions Cup) d\u00e9cevants.<\/p>\n<p>Avec douze arriv\u00e9es pour quinze d\u00e9parts, le MHR a remani\u00e9 son effectif plus que n\u2019importe quelle autre \u00e9quipe du championnat, y ajoutant des joueurs d\u2019exp\u00e9rience tels que le deuxi\u00e8me ligne international gallois Adam Beard et le demi de m\u00eal\u00e9e international \u00e9cossais Ali Price. Mais, aussi, de jeunes promesses comme le centre des Pumas argentins Justo Piccardo (23\u00a0ans) et le troisi\u00e8me ligne international australien Langi Gleeson (23\u00a0ans). Si tel que le relate L\u2019\u00c9quipe le pr\u00e9sident Altrad annonce que l\u2019objectif \u00ab\u00a0est de finir dans les quatre, et \u00e7a commence par Toulon\u00a0\u00bb, Joan Cadullo, le manager, parle quant \u00e0 lui des \u00ab\u00a0phases finales\u00a0\u00bb.<\/p>\n<p>\u00ab\u00a0Bien s\u00fbr qu\u2019ils peuvent le faire. Chaque ann\u00e9e, les compteurs sont remis \u00e0 z\u00e9ro\u00a0\u00bb, affirme Pierre Mignoni. La manager du RCT s\u2019attend \u00e0 \u00ab\u00a0un gros d\u00e9fi\u00a0\u00bb face \u00e0 un pack avant qui pr\u00e9sente des arguments (le n\u00e9o-Bleu Erdocio, Uelese, Veraheghe&#8230;). \u00ab\u00a0C\u2019est une \u00e9quipe rugueuse, tr\u00e8s forte sur ses bases que sont la m\u00eal\u00e9e, la touche&#8230; Il faudra \u00eatre \u00e9veill\u00e9 et pouvoir les contrer sur ces phases-l\u00e0\u00a0\u00bb, pr\u00e9vient Swan Rebbadj. \u00ab\u00a0Ils ont fait de bons matches amicaux [victoires 5-26 \u00e0 Pau et 24-34 \u00e0 Perpignan, Ndlr]. Ils ont deux ou trois individualit\u00e9s, mais on s\u2019est plut\u00f4t recentr\u00e9s sur notre jeu\u00a0\u00bb, d\u00e9taille Oliver Cowie.<\/p>\n","protected":false},"excerpt":{"rendered":"C\u2019est une \u00e9quipe du Montpellier H\u00e9rault Rugby revancharde qui attend le RC\u00a0Toulon, ce samedi. Apr\u00e8s son titre de&hellip;\n","protected":false},"author":2,"featured_media":369219,"comment_status":"","ping_status":"","sticky":false,"template":"","format":"standard","meta":{"footnotes":""},"categories":[9619],"tags":[1111,11,1777,674,1011,27,2208,12,882,25,2310],"class_list":{"0":"post-369218","1":"post","2":"type-post","3":"status-publish","4":"format-standard","5":"has-post-thumbnail","7":"category-toulon","8":"tag-actu","9":"tag-actualites","10":"tag-eu","11":"tag-europe","12":"tag-fr","13":"tag-france","14":"tag-montpellier","15":"tag-news","16":"tag-provence-alpes-cote-dazur","17":"tag-republique-francaise","18":"tag-toulon"},"share_on_mastodon":{"url":"https:\/\/pubeurope.com\/@fr\/115154115844928477","error":""},"_links":{"self":[{"href":"https:\/\/www.europesays.com\/fr\/wp-json\/wp\/v2\/posts\/369218","targetHints":{"allow":["GET"]}}],"collection":[{"href":"https:\/\/www.europesays.com\/fr\/wp-json\/wp\/v2\/posts"}],"about":[{"href":"https:\/\/www.europesays.com\/fr\/wp-json\/wp\/v2\/types\/post"}],"author":[{"embeddable":true,"href":"https:\/\/www.europesays.com\/fr\/wp-json\/wp\/v2\/users\/2"}],"replies":[{"embeddable":true,"href":"https:\/\/www.europesays.com\/fr\/wp-json\/wp\/v2\/comments?post=369218"}],"version-history":[{"count":0,"href":"https:\/\/www.europesays.com\/fr\/wp-json\/wp\/v2\/posts\/369218\/revisions"}],"wp:featuredmedia":[{"embeddable":true,"href":"https:\/\/www.europesays.com\/fr\/wp-json\/wp\/v2\/media\/369219"}],"wp:attachment":[{"href":"https:\/\/www.europesays.com\/fr\/wp-json\/wp\/v2\/media?parent=369218"}],"wp:term":[{"taxonomy":"category","embeddable":true,"href":"https:\/\/www.europesays.com\/fr\/wp-json\/wp\/v2\/categories?post=369218"},{"taxonomy":"post_tag","embeddable":true,"href":"https:\/\/www.europesays.com\/fr\/wp-json\/wp\/v2\/tags?post=369218"}],"curies":[{"name":"wp","href":"https:\/\/api.w.org\/{rel}","templated":true}]}}