{"id":369220,"date":"2025-09-05T22:45:25","date_gmt":"2025-09-05T22:45:25","guid":{"rendered":"https:\/\/www.europesays.com\/fr\/369220\/"},"modified":"2025-09-05T22:45:25","modified_gmt":"2025-09-05T22:45:25","slug":"montpellier-le-musee-dart-brut-met-a-lhonneur-lartiste-inclassable-henri-comby-jusquau-31-decembre","status":"publish","type":"post","link":"https:\/\/www.europesays.com\/fr\/369220\/","title":{"rendered":"Montpellier |\u00a0Le mus\u00e9e d\u2019art brut met \u00e0 l&rsquo;honneur l&rsquo;artiste inclassable Henri Comby jusqu\u2019au 31 d\u00e9cembre"},"content":{"rendered":"<p>\t\t\t\tLe Mus\u00e9e d\u2019Art Brut de Montpellier pr\u00e9sente une exposition majeure consacr\u00e9e \u00e0 l\u2019\u0153uvre d\u2019Henri Comby (1928-2004), un artiste singulier dont la production impressionnante s\u2019\u00e9tend sur plus de soixante ans. L\u2019exposition, qui se tiendra du 3 septembre au 31 d\u00e9cembre 2025, propose de d\u00e9couvrir le travail de ce cr\u00e9ateur \u00e0 la fois attach\u00e9 \u00e0 ses racines auvergnates et constamment en qu\u00eate de nouveaux moyens d\u2019expression.<\/p>\n<p style=\"text-align: justify;\">Natif du Puy-en-Velay, Comby a revendiqu\u00e9 l\u2019influence de l\u2019univers de la charcuterie familiale et des paysages volcaniques sur son art. Sa foi en l\u2019humanit\u00e9, interrogeant ses contradictions et sa violence, est au c\u0153ur de son \u0153uvre immense et coh\u00e9rente. Ce questionnement et son expressionnisme puissant le rapprochent des artistes de l\u2019art singulier ou de l\u2019art brut, des mouvements dont il \u00e9tait familier au point de fonder en 1988 un atelier d\u2019art au Centre Psychiatrique Henri Gu\u00e9rin de Pierrefeu.<\/p>\n<p style=\"text-align: justify;\">Bien qu\u2019il ait fr\u00e9quent\u00e9 des salons prestigieux comme le Salon de la Jeune Sculpture et le Salon de Mai, Henri Comby est consid\u00e9r\u00e9 par la critique comme un artiste inclassable. Son travail a fait l\u2019objet d\u2019expositions personnelles d\u2019envergure, notamment au mus\u00e9e de L\u2019Annonciade \u00e0 Saint-Tropez et au Mus\u00e9e d\u2019Art de Toulon. Cette r\u00e9trospective au mus\u00e9e d\u2019art brut de Montpellier est une nouvelle occasion de d\u00e9couvrir une \u0153uvre et un artiste singuliers.<\/p>\n<p style=\"text-align: justify;\"><strong>Plus d\u2019infos\u00a0: <a href=\"https:\/\/www.musee-artbrut-montpellier.com\/\" target=\"_blank\" rel=\"noopener nofollow\">musee-artbrut-montpellier.com<\/a><\/strong><\/p>\n","protected":false},"excerpt":{"rendered":"Le Mus\u00e9e d\u2019Art Brut de Montpellier pr\u00e9sente une exposition majeure consacr\u00e9e \u00e0 l\u2019\u0153uvre d\u2019Henri Comby (1928-2004), un artiste&hellip;\n","protected":false},"author":2,"featured_media":369221,"comment_status":"","ping_status":"","sticky":false,"template":"","format":"standard","meta":{"footnotes":""},"categories":[9599],"tags":[1111,11,1777,674,1011,27,2208,12,2680,25],"class_list":{"0":"post-369220","1":"post","2":"type-post","3":"status-publish","4":"format-standard","5":"has-post-thumbnail","7":"category-montpellier","8":"tag-actu","9":"tag-actualites","10":"tag-eu","11":"tag-europe","12":"tag-fr","13":"tag-france","14":"tag-montpellier","15":"tag-news","16":"tag-occitanie","17":"tag-republique-francaise"},"share_on_mastodon":{"url":"https:\/\/pubeurope.com\/@fr\/115154119829109086","error":""},"_links":{"self":[{"href":"https:\/\/www.europesays.com\/fr\/wp-json\/wp\/v2\/posts\/369220","targetHints":{"allow":["GET"]}}],"collection":[{"href":"https:\/\/www.europesays.com\/fr\/wp-json\/wp\/v2\/posts"}],"about":[{"href":"https:\/\/www.europesays.com\/fr\/wp-json\/wp\/v2\/types\/post"}],"author":[{"embeddable":true,"href":"https:\/\/www.europesays.com\/fr\/wp-json\/wp\/v2\/users\/2"}],"replies":[{"embeddable":true,"href":"https:\/\/www.europesays.com\/fr\/wp-json\/wp\/v2\/comments?post=369220"}],"version-history":[{"count":0,"href":"https:\/\/www.europesays.com\/fr\/wp-json\/wp\/v2\/posts\/369220\/revisions"}],"wp:featuredmedia":[{"embeddable":true,"href":"https:\/\/www.europesays.com\/fr\/wp-json\/wp\/v2\/media\/369221"}],"wp:attachment":[{"href":"https:\/\/www.europesays.com\/fr\/wp-json\/wp\/v2\/media?parent=369220"}],"wp:term":[{"taxonomy":"category","embeddable":true,"href":"https:\/\/www.europesays.com\/fr\/wp-json\/wp\/v2\/categories?post=369220"},{"taxonomy":"post_tag","embeddable":true,"href":"https:\/\/www.europesays.com\/fr\/wp-json\/wp\/v2\/tags?post=369220"}],"curies":[{"name":"wp","href":"https:\/\/api.w.org\/{rel}","templated":true}]}}