{"id":369224,"date":"2025-09-05T22:48:12","date_gmt":"2025-09-05T22:48:12","guid":{"rendered":"https:\/\/www.europesays.com\/fr\/369224\/"},"modified":"2025-09-05T22:48:12","modified_gmt":"2025-09-05T22:48:12","slug":"lus-concarneau-engrange-de-suite-une-victoire-face-a-quevilly-rouen-concarneau-football","status":"publish","type":"post","link":"https:\/\/www.europesays.com\/fr\/369224\/","title":{"rendered":"L&rsquo;US Concarneau engrange de suite une victoire face \u00e0 Quevilly Rouen &#8211; concarneau &#8211; football"},"content":{"rendered":"<p><strong>Mis en orbite par une invincibilit\u00e9 pr\u00e9serv\u00e9e sur ses trois premiers matchs \u00e0 l&rsquo;ext\u00e9rieur ( Villefranche, Bourg-en-Bresse, Aubagne), l&rsquo;US Concarnau ne pouvait d\u00e9vier de sa trajectoire, ce vendredi soir, pour la premi\u00e8re r\u00e9ception de sa r\u00e9ception face \u00e0 Quevilly Rouen M\u00e9tropole. Malgr\u00e9 un horaire avanc\u00e9, qui ne pouvaient convenir \u00e0 tous, \u00e0 18h30, plus de 2.000 spectateurs ont r\u00e9pondu \u00e0 ce premier rendez-vous de l&rsquo;ann\u00e9e (2.073 spectateurs), face \u00e0 QRM. Port\u00e9 devant par un premier but de l&rsquo;ex-joueur de Quevilly Rouen, Youssouf Soukouna (1-0, 21&prime;) suite \u00e0 un subtil ballon de Gabriel Tutu, Concarneau passait une premi\u00e8re mi-temps au presque parfait en marquant ce but du break juste avant la mi-temps par une frappe loitnaine de Babtiste Etchevberria (2-0, 41&prime;).\u00a0<\/strong><\/p>\n<p>  \t\t\t<img decoding=\"async\" typeof=\"foaf:Image\" src=\"https:\/\/www.europesays.com\/fr\/wp-content\/uploads\/2025\/09\/soukouna_youssouf_concarneau._7127.jpg\" alt=\"\"\/>  \t\t\t  \t\t\t<\/p>\n<p><strong>L\u00e9gende:<\/strong> Youssouf Soukouna, auteur d&rsquo;un doubl\u00e9, a \u00e9t\u00e9 un des grands artisans de la premi\u00e8re vicotire de l&rsquo;US Concarneau sur ses terres de Guy-Piriou, face \u00e0 Quevilly Rouen M\u00e9tropole. <strong>Cr\u00e9dit photo: <\/strong>Pascal Priol<\/p>\n<p>Elle aurait \u00e9t\u00e9 vraiment idyllique sans cette blessure \u00e0 la clavicule du portier Vincent Viot, mal retomb\u00e9 \u00e0 la 34\u00e8me minute, suite \u00e0 la captation du ballon dans les airs. Rudy Boulais, num\u00e9ro 2 au poste , le suppl\u00e9e. Malgr\u00e9 la r\u00e9duction rapide des visiteurs \u00e0 la 56\u00e8me minute, ramenant le score \u00e0 2-1 par Mandengue, Concarneau avait encore ce souffle porteur et maintenant d\u00e9cisif, toujours par l&rsquo;artilleur de d\u00e9part, Youssouf Soukouna, qui \u00e9levait la note \u00e0 3-1 avant l&rsquo;entr\u00e9e dans le dernier quart d&rsquo;heure.<\/p>\n<p>L&rsquo;US Concarneau monte \u00e0 la 4\u00e8me place, du classement, \u00e0 un point de la deuxi\u00e8me place, gr\u00e2ce \u00e0 ce starter \u00e0 domicile (3-1). Deux victoires, deux matchs nuls, 8 points au total, le d\u00e9part des Thoniers est tr\u00e8s bon. Vendredi prochain, l&rsquo;US Concarneau jouera m\u00eame un match \u00e0 tremplin assur\u00e9 vers le podium en d\u00e9fiant l&rsquo;US Versailles ( 2\u00e8me au clasement avec 3 victoires en 4 matchs).<\/p>\n","protected":false},"excerpt":{"rendered":"Mis en orbite par une invincibilit\u00e9 pr\u00e9serv\u00e9e sur ses trois premiers matchs \u00e0 l&rsquo;ext\u00e9rieur ( Villefranche, Bourg-en-Bresse, Aubagne),&hellip;\n","protected":false},"author":2,"featured_media":369225,"comment_status":"","ping_status":"","sticky":false,"template":"","format":"standard","meta":{"footnotes":""},"categories":[9587],"tags":[1111,11,1777,674,1011,27,12,5161,25,9590],"class_list":{"0":"post-369224","1":"post","2":"type-post","3":"status-publish","4":"format-standard","5":"has-post-thumbnail","7":"category-rouen","8":"tag-actu","9":"tag-actualites","10":"tag-eu","11":"tag-europe","12":"tag-fr","13":"tag-france","14":"tag-news","15":"tag-normandie","16":"tag-republique-francaise","17":"tag-rouen"},"share_on_mastodon":{"url":"https:\/\/pubeurope.com\/@fr\/115154131921434244","error":""},"_links":{"self":[{"href":"https:\/\/www.europesays.com\/fr\/wp-json\/wp\/v2\/posts\/369224","targetHints":{"allow":["GET"]}}],"collection":[{"href":"https:\/\/www.europesays.com\/fr\/wp-json\/wp\/v2\/posts"}],"about":[{"href":"https:\/\/www.europesays.com\/fr\/wp-json\/wp\/v2\/types\/post"}],"author":[{"embeddable":true,"href":"https:\/\/www.europesays.com\/fr\/wp-json\/wp\/v2\/users\/2"}],"replies":[{"embeddable":true,"href":"https:\/\/www.europesays.com\/fr\/wp-json\/wp\/v2\/comments?post=369224"}],"version-history":[{"count":0,"href":"https:\/\/www.europesays.com\/fr\/wp-json\/wp\/v2\/posts\/369224\/revisions"}],"wp:featuredmedia":[{"embeddable":true,"href":"https:\/\/www.europesays.com\/fr\/wp-json\/wp\/v2\/media\/369225"}],"wp:attachment":[{"href":"https:\/\/www.europesays.com\/fr\/wp-json\/wp\/v2\/media?parent=369224"}],"wp:term":[{"taxonomy":"category","embeddable":true,"href":"https:\/\/www.europesays.com\/fr\/wp-json\/wp\/v2\/categories?post=369224"},{"taxonomy":"post_tag","embeddable":true,"href":"https:\/\/www.europesays.com\/fr\/wp-json\/wp\/v2\/tags?post=369224"}],"curies":[{"name":"wp","href":"https:\/\/api.w.org\/{rel}","templated":true}]}}