{"id":369230,"date":"2025-09-05T22:51:44","date_gmt":"2025-09-05T22:51:44","guid":{"rendered":"https:\/\/www.europesays.com\/fr\/369230\/"},"modified":"2025-09-05T22:51:44","modified_gmt":"2025-09-05T22:51:44","slug":"on-respecte-leurs-rythmes-et-leurs-besoins-ce-couple-sera-bientot-juge-pour-ne-pas-avoir-scolarise-ses-filles","status":"publish","type":"post","link":"https:\/\/www.europesays.com\/fr\/369230\/","title":{"rendered":"\u00ab\u00a0On respecte leurs rythmes et leurs besoins\u00a0\u00bb\u00a0: ce couple sera bient\u00f4t jug\u00e9 pour ne pas avoir scolaris\u00e9 ses filles"},"content":{"rendered":"<p>Le 16 septembre prochain, Florence et Alexis Godart passeront de nouveau devant les juges. Mais cette fois-ci en appel. Suite \u00e0 leur relaxe en mars dernier par le tribunal correctionnel de Rennes, le procureur a fait appel. Ce couple de Boisgervilly (Ille-et-Vilaine) sera donc de nouveau jug\u00e9 pour ne pas avoir scolaris\u00e9 leurs filles M\u00e9lina, bient\u00f4t 6 ans, et Allissa, bient\u00f4t 11 ans. \u00ab Nous sommes rentr\u00e9s en d\u00e9sob\u00e9issance civile \u00e0 la rentr\u00e9e 2022 quand notre plus jeune fille aurait pu entrer en maternelle, explique Florence Godart, la m\u00e8re. La loi avait chang\u00e9, nous avons refus\u00e9 de remplir la demande d\u2019autorisation du rectorat. C\u2019est une restriction de notre libert\u00e9 d\u2019instruction. Cela met en danger nos valeurs. Notre a\u00een\u00e9e n\u2019est jamais all\u00e9e \u00e0 l\u2019\u00e9cole. Nous avions fait une simple d\u00e9claration, cela nous paraissait normal. Elle b\u00e9n\u00e9ficiait d\u2019une autorisation de plein droit valable deux ans. Nous refusons la demande d\u2019autorisation. \u00bb<\/p>\n<p>En rentrant en \u00ab d\u00e9sob\u00e9issance civile \u00bb, les \u00e9poux Godart ont enclench\u00e9 la machine judiciaire. En mai 2023, ils ont \u00e9t\u00e9 convoqu\u00e9s \u00e0 la gendarmerie de Montauban-de-Bretagne. \u00ab Devant les enqu\u00eateurs, on a d\u00e9taill\u00e9 toutes les activit\u00e9s que nos filles suivaient pour \u00eatre instruites, les m\u00e9thodes p\u00e9dagogiques que nous appliquions pour leur permettre d\u2019apprendre autrement. Nos filles voient du monde, elles ne sont pas enferm\u00e9es dans une \u00e9cole. On respecte leurs rythmes et leurs besoins\u2026 Sur Eduscol, il y a les attendus de fin de cycle. Cela fait des points de rep\u00e8re. On vise le socle commun attendu par tout le monde \u00e0 16 ans. \u00bb Le couple est pass\u00e9 au tribunal en janvier 2025. La d\u00e9cision a \u00e9t\u00e9 rendue en mars : relaxe.<\/p>\n<p>Surprise<\/p>\n<p>\u00ab On a \u00e9t\u00e9 tr\u00e8s surpris car c\u2019est notre unique relaxe sur la dizaine de familles tra\u00een\u00e9es devant un tribunal en France \u00bb, souffle Caroline, cheville ouvri\u00e8re de l\u2019association Enfance libre qui milite pour un retour au r\u00e9gime d\u00e9claratif pour l\u2019instruction en famille.<\/p>\n<p>Le procureur a fait appel. Les \u00e9poux Godart devront de nouveau expliquer les bases de leur instruction devant un tribunal. \u00ab Mes filles ont de nombreuses amies qui sont scolaris\u00e9es, leurs cousins aussi sont scolaris\u00e9s. Elles font de la danse, de la gym, bient\u00f4t du tir \u00e0 l\u2019arc, de la couture\u2026 On rencontre de nombreuses familles qui, comme nous, ont choisi d\u2019instruire leur enfant en famille. Pour nous, l\u2019instruction en famille est une libert\u00e9 fondamentale qui ne peut pas \u00eatre soumise \u00e0 une autorisation arbitraire. La diversit\u00e9 \u00e9ducative doit faire partie d\u2019une d\u00e9mocratie. \u00bb<\/p>\n","protected":false},"excerpt":{"rendered":"Le 16 septembre prochain, Florence et Alexis Godart passeront de nouveau devant les juges. Mais cette fois-ci en&hellip;\n","protected":false},"author":2,"featured_media":369231,"comment_status":"","ping_status":"","sticky":false,"template":"","format":"standard","meta":{"footnotes":""},"categories":[2821],"tags":[1111,11,829,765,1777,674,1011,27,848,12,584,25],"class_list":{"0":"post-369230","1":"post","2":"type-post","3":"status-publish","4":"format-standard","5":"has-post-thumbnail","7":"category-rennes","8":"tag-actu","9":"tag-actualites","10":"tag-bretagne","11":"tag-en-continu","12":"tag-eu","13":"tag-europe","14":"tag-fr","15":"tag-france","16":"tag-ille-et-vilaine","17":"tag-news","18":"tag-rennes","19":"tag-republique-francaise"},"share_on_mastodon":{"url":"https:\/\/pubeurope.com\/@fr\/115154143356512393","error":""},"_links":{"self":[{"href":"https:\/\/www.europesays.com\/fr\/wp-json\/wp\/v2\/posts\/369230","targetHints":{"allow":["GET"]}}],"collection":[{"href":"https:\/\/www.europesays.com\/fr\/wp-json\/wp\/v2\/posts"}],"about":[{"href":"https:\/\/www.europesays.com\/fr\/wp-json\/wp\/v2\/types\/post"}],"author":[{"embeddable":true,"href":"https:\/\/www.europesays.com\/fr\/wp-json\/wp\/v2\/users\/2"}],"replies":[{"embeddable":true,"href":"https:\/\/www.europesays.com\/fr\/wp-json\/wp\/v2\/comments?post=369230"}],"version-history":[{"count":0,"href":"https:\/\/www.europesays.com\/fr\/wp-json\/wp\/v2\/posts\/369230\/revisions"}],"wp:featuredmedia":[{"embeddable":true,"href":"https:\/\/www.europesays.com\/fr\/wp-json\/wp\/v2\/media\/369231"}],"wp:attachment":[{"href":"https:\/\/www.europesays.com\/fr\/wp-json\/wp\/v2\/media?parent=369230"}],"wp:term":[{"taxonomy":"category","embeddable":true,"href":"https:\/\/www.europesays.com\/fr\/wp-json\/wp\/v2\/categories?post=369230"},{"taxonomy":"post_tag","embeddable":true,"href":"https:\/\/www.europesays.com\/fr\/wp-json\/wp\/v2\/tags?post=369230"}],"curies":[{"name":"wp","href":"https:\/\/api.w.org\/{rel}","templated":true}]}}