{"id":369260,"date":"2025-09-05T23:07:16","date_gmt":"2025-09-05T23:07:16","guid":{"rendered":"https:\/\/www.europesays.com\/fr\/369260\/"},"modified":"2025-09-05T23:07:16","modified_gmt":"2025-09-05T23:07:16","slug":"rhone-que-faire-ce-week-end-nos-bons-plans-dans-lest-lyonnais-5","status":"publish","type":"post","link":"https:\/\/www.europesays.com\/fr\/369260\/","title":{"rendered":"Rh\u00f4ne. Que faire ce week-end\u00a0? Nos bons plans dans l\u2019Est lyonnais"},"content":{"rendered":"<p>                            Genas<\/p>\n<p> \u25b6 \u2002 <strong>On c\u00e9l\u00e8bre la Saint-Rafletout<\/strong><\/p>\n<p>Cet \u00e9v\u00e9nement, ancr\u00e9 dans les traditions locales, promet de rassembler petits et grands autour de nombreuses animations festives.<\/p>\n<p>Ce samedi, deux spectacles gratuits pour les petits et les grands sont programm\u00e9s\u00a0: Le Chapoto\u00a0 de la compagnie Bachi-bouzouk Production, sur la place Jean-Jaur\u00e8s \u00e0 15\u00a0h, 16\u00a0h\u00a015 et 18\u00a0h, Rien\u00a0? de la compagnie Monsieur K, th\u00e9\u00e2tre dans\u00e9 \u00e0 la po\u00e9sie teint\u00e9e d\u2019humour sur le parking Henri-Despr\u00e9aux \u00e0 17\u00a0h. \u00c0 19\u00a0h, un ap\u00e9ritif sera offert par la municipalit\u00e9 sur le parking Jean-d\u2019Azieu dans le cadre de l\u2019inauguration de la rue Roybet&#8230;<\/p>\n","protected":false},"excerpt":{"rendered":"Genas \u25b6 \u2002 On c\u00e9l\u00e8bre la Saint-Rafletout Cet \u00e9v\u00e9nement, ancr\u00e9 dans les traditions locales, promet de rassembler petits&hellip;\n","protected":false},"author":2,"featured_media":369261,"comment_status":"","ping_status":"","sticky":false,"template":"","format":"standard","meta":{"footnotes":""},"categories":[1889],"tags":[1111,11,2430,9492,12890,1687,3152,1777,674,1011,27,2428,12,25],"class_list":{"0":"post-369260","1":"post","2":"type-post","3":"status-publish","4":"format-standard","5":"has-post-thumbnail","7":"category-lyon","8":"tag-actu","9":"tag-actualites","10":"tag-auvergne-rhone-alpes","11":"tag-bron","12":"tag-bron-ville","13":"tag-culture-loisirs","14":"tag-edition-est-lyonnais","15":"tag-eu","16":"tag-europe","17":"tag-fr","18":"tag-france","19":"tag-lyon","20":"tag-news","21":"tag-republique-francaise"},"share_on_mastodon":{"url":"https:\/\/pubeurope.com\/@fr\/115154206426189976","error":""},"_links":{"self":[{"href":"https:\/\/www.europesays.com\/fr\/wp-json\/wp\/v2\/posts\/369260","targetHints":{"allow":["GET"]}}],"collection":[{"href":"https:\/\/www.europesays.com\/fr\/wp-json\/wp\/v2\/posts"}],"about":[{"href":"https:\/\/www.europesays.com\/fr\/wp-json\/wp\/v2\/types\/post"}],"author":[{"embeddable":true,"href":"https:\/\/www.europesays.com\/fr\/wp-json\/wp\/v2\/users\/2"}],"replies":[{"embeddable":true,"href":"https:\/\/www.europesays.com\/fr\/wp-json\/wp\/v2\/comments?post=369260"}],"version-history":[{"count":0,"href":"https:\/\/www.europesays.com\/fr\/wp-json\/wp\/v2\/posts\/369260\/revisions"}],"wp:featuredmedia":[{"embeddable":true,"href":"https:\/\/www.europesays.com\/fr\/wp-json\/wp\/v2\/media\/369261"}],"wp:attachment":[{"href":"https:\/\/www.europesays.com\/fr\/wp-json\/wp\/v2\/media?parent=369260"}],"wp:term":[{"taxonomy":"category","embeddable":true,"href":"https:\/\/www.europesays.com\/fr\/wp-json\/wp\/v2\/categories?post=369260"},{"taxonomy":"post_tag","embeddable":true,"href":"https:\/\/www.europesays.com\/fr\/wp-json\/wp\/v2\/tags?post=369260"}],"curies":[{"name":"wp","href":"https:\/\/api.w.org\/{rel}","templated":true}]}}