{"id":369311,"date":"2025-09-05T23:37:12","date_gmt":"2025-09-05T23:37:12","guid":{"rendered":"https:\/\/www.europesays.com\/fr\/369311\/"},"modified":"2025-09-05T23:37:12","modified_gmt":"2025-09-05T23:37:12","slug":"faustine-bollaert-annonce-un-changement-important-pour-ca-commence-aujourdhui-au-bout-de-7-ans","status":"publish","type":"post","link":"https:\/\/www.europesays.com\/fr\/369311\/","title":{"rendered":"Faustine Bollaert annonce un changement important pour \u00c7a commence aujourd&rsquo;hui au bout de 7 ans"},"content":{"rendered":"<p>            <img loading=\"lazy\" decoding=\"async\" src=\"https:\/\/www.europesays.com\/fr\/wp-content\/uploads\/2025\/04\/70-60dc2d431f18d-35x35-1.jpg\" class=\"author-article-picture\" width=\"35\" height=\"35\"\/><\/p>\n<p>                Par<br \/>\n                                    <a class=\"author-article-bio-link\" href=\"https:\/\/www.purepeople.com\/auteur\/liane-lazaar_a70\" rel=\"nofollow noopener\" target=\"_blank\">Liane Lazaar<\/a><br \/>\n                                                    | R\u00e9dactrice<\/p>\n<p>\n                Liane Lazaar est r\u00e9dactrice web rattach\u00e9e au p\u00f4le TV de Purepeople.com. Elle conna\u00eet autant le parcours de Jean-Pierre Pernaut sur TF1 que les derniers rebondissements des candidats de t\u00e9l\u00e9-r\u00e9alit\u00e9 et a un go\u00fbt prononc\u00e9 pour les histoires de coeur.\n            <\/p>\n<p>\n    La rentr\u00e9e est charg\u00e9e pour Faustine Bollaert. Non seulement, elle officie sur RTL chaque matin mais elle a aussi retrouv\u00e9 sa place en d\u00e9but d&rsquo;apr\u00e8s-midi sur France 2. En outre, elle a lanc\u00e9 un nouveau programme. Un planning qui l&rsquo;a toutefois forc\u00e9e \u00e0 mettre de c\u00f4t\u00e9 une habitude qu&rsquo;elle avait prise \u00e0 l&rsquo;antenne depuis quelques ann\u00e9es.\n<\/p>\n<p>                            <img loading=\"lazy\" decoding=\"async\" class=\"player-thumbnail\" src=\"https:\/\/www.europesays.com\/fr\/wp-content\/uploads\/2025\/09\/bdc2990a69d402ef-580x326-1.jpg\" width=\"580\" height=\"326\"\/><\/p>\n<p>                    Faustine Bollaert annonce un changement important pour \u00c7a commence aujourd&rsquo;hui au bout de 7 ans<\/p>\n<p>La suite apr\u00e8s la publicit\u00e9<\/p>\n<p><a href=\"https:\/\/www.purepeople.com\/people\/faustine-bollaert_p2059\" rel=\"nofollow noopener\" target=\"_blank\">Faustine Bollaert<\/a> a profit\u00e9 pleinement de la p\u00e9riode estivale mais depuis d\u00e9j\u00e0 deux semaines, la voil\u00e0 qui a repris le chemin du travail. C&rsquo;est toujours sur France 2 que les t\u00e9l\u00e9spectateurs peuvent notamment la retrouver quotidiennement, o\u00f9 elle pr\u00e9sente \u00c7a commence aujourd&rsquo;hui. Mais depuis ce 5 septembre, <strong>une petite nouveaut\u00e9 a \u00e9t\u00e9 apport\u00e9e.\u00a0<\/strong><\/p>\n<p>En effet, chaque vendredi, le programme<strong> <\/strong><strong>\u00c7a commence aujourd&rsquo;hui, Les Jours<\/strong><strong> <\/strong><strong>d&rsquo;apr\u00e8s<\/strong> est d\u00e9sormais pr\u00e9sent\u00e9 \u00e0 l&rsquo;antenne. Celui-ci revient sur certains des invit\u00e9s phares qui ont marqu\u00e9 \u00c7a commence aujourd&rsquo;hui et raconte ce qu&rsquo;ils sont devenus depuis leurs passages. Un rendez-vous qui ne permet toutefois plus \u00e0 celle qui se <a href=\"https:\/\/www.purepeople.com\/article\/faustine-bollaert-separee-de-son-mari-maxime-chattam-vacances-en-trio-avec-ses-enfants-abbie-et-peter-ses-canailles-photos_a525324\/1\" rel=\"nofollow noopener\" target=\"_blank\">serait s\u00e9par\u00e9e de son mari Maxime Chattam<\/a> selon Voici de pr\u00e9senter son \u00e9mission premi\u00e8re en direct. Elle avait pourtant l&rsquo;habitude de se pr\u00eater \u00e0 cet exercice en fin de semaine depuis 2018. Mais pour l&rsquo;heure, il ne semble pas \u00eatre pr\u00e9vu qu&rsquo;elle s&rsquo;y remette.\u00a0<\/p>\n<p>Faustine Bollaert bouleverse le rendez-vous du vendredi apr\u00e8s-midi sur France 2<\/p>\n<p>\u00ab\u00a0<strong>Pour l&rsquo;instant, le direct est en stand-by<\/strong>, il reviendra peut-\u00eatre mais on voulait vraiment tenter ce nouveau rendez-vous en images pour donner des nouvelles de nos invit\u00e9s\u00a0\u00bb, a-t-elle expliqu\u00e9 \u00e0 T\u00e9l\u00e9 Loisirs.<\/p>\n<p>Rappelons que Faustine Bollaert se trouve d\u00e9j\u00e0 bien en direct du lundi au vendredi, d\u00e8s 9h30 sur RTL avec Un jour, une vie. L&rsquo;animatrice y recueille les t\u00e9moignages d&rsquo;anonymes \u00ab\u00a0aux parcours de vie extraordinaires\u00a0\u00bb. En outre, elle est attendue <strong>les dimanche en fin d&rsquo;apr\u00e8s-midi aux commandes des<\/strong><strong> Enfants de la t\u00e9l\u00e9<\/strong>, sur France 2. La pr\u00e9sentatrice a \u00e9t\u00e9 choisie pour <a href=\"https:\/\/www.purepeople.com\/article\/j-ai-aujourd-hui-une-envie-profonde-laurence-boccolini-ecartee-des-enfants-de-la-tele-elle-a-un-projet-surprenant-pour-la-suite_a540560\/1\" rel=\"nofollow noopener\" target=\"_blank\">succ\u00e9der \u00e0 Laurence Boccolini<\/a> cette saison, ce qui n&rsquo;avait pas manqu\u00e9 de cr\u00e9er la surprise.<\/p>\n","protected":false},"excerpt":{"rendered":"Par Liane Lazaar | R\u00e9dactrice Liane Lazaar est r\u00e9dactrice web rattach\u00e9e au p\u00f4le TV de Purepeople.com. Elle conna\u00eet&hellip;\n","protected":false},"author":2,"featured_media":369312,"comment_status":"","ping_status":"","sticky":false,"template":"","format":"standard","meta":{"footnotes":""},"categories":[1356],"tags":[58,59,1011,27,252,1364],"class_list":{"0":"post-369311","1":"post","2":"type-post","3":"status-publish","4":"format-standard","5":"has-post-thumbnail","7":"category-television","8":"tag-divertissement","9":"tag-entertainment","10":"tag-fr","11":"tag-france","12":"tag-television","13":"tag-tv"},"share_on_mastodon":{"url":"https:\/\/pubeurope.com\/@fr\/115154324401239699","error":""},"_links":{"self":[{"href":"https:\/\/www.europesays.com\/fr\/wp-json\/wp\/v2\/posts\/369311","targetHints":{"allow":["GET"]}}],"collection":[{"href":"https:\/\/www.europesays.com\/fr\/wp-json\/wp\/v2\/posts"}],"about":[{"href":"https:\/\/www.europesays.com\/fr\/wp-json\/wp\/v2\/types\/post"}],"author":[{"embeddable":true,"href":"https:\/\/www.europesays.com\/fr\/wp-json\/wp\/v2\/users\/2"}],"replies":[{"embeddable":true,"href":"https:\/\/www.europesays.com\/fr\/wp-json\/wp\/v2\/comments?post=369311"}],"version-history":[{"count":0,"href":"https:\/\/www.europesays.com\/fr\/wp-json\/wp\/v2\/posts\/369311\/revisions"}],"wp:featuredmedia":[{"embeddable":true,"href":"https:\/\/www.europesays.com\/fr\/wp-json\/wp\/v2\/media\/369312"}],"wp:attachment":[{"href":"https:\/\/www.europesays.com\/fr\/wp-json\/wp\/v2\/media?parent=369311"}],"wp:term":[{"taxonomy":"category","embeddable":true,"href":"https:\/\/www.europesays.com\/fr\/wp-json\/wp\/v2\/categories?post=369311"},{"taxonomy":"post_tag","embeddable":true,"href":"https:\/\/www.europesays.com\/fr\/wp-json\/wp\/v2\/tags?post=369311"}],"curies":[{"name":"wp","href":"https:\/\/api.w.org\/{rel}","templated":true}]}}